{"id":14047,"date":"2021-06-26T19:00:00","date_gmt":"2021-06-26T17:00:00","guid":{"rendered":"http:\/\/www.spd-werdohl.de\/spd\/?p=14047"},"modified":"2021-06-28T08:28:32","modified_gmt":"2021-06-28T06:28:32","slug":"de","status":"publish","type":"post","link":"https:\/\/www.spd-werdohl.de\/spd\/2021\/06\/26\/de\/","title":{"rendered":"Anja Ihme zur Landtagskandidatin gew\u00e4hlt"},"content":{"rendered":"\t\t<div data-elementor-type=\"wp-post\" data-elementor-id=\"14047\" class=\"elementor elementor-14047\">\n\t\t\t\t\t\t<section class=\"elementor-section elementor-top-section elementor-element elementor-element-59f9cab elementor-section-boxed elementor-section-height-default elementor-section-height-default\" data-id=\"59f9cab\" data-element_type=\"section\" data-e-type=\"section\">\n\t\t\t\t\t\t<div class=\"elementor-container elementor-column-gap-default\">\n\t\t\t\t\t<div class=\"elementor-column elementor-col-100 elementor-top-column elementor-element elementor-element-9fed92e\" data-id=\"9fed92e\" data-element_type=\"column\" data-e-type=\"column\">\n\t\t\t<div class=\"elementor-widget-wrap elementor-element-populated\">\n\t\t\t\t\t\t<div class=\"elementor-element elementor-element-a8d7911 elementor-widget elementor-widget-text-editor\" data-id=\"a8d7911\" data-element_type=\"widget\" data-e-type=\"widget\" data-widget_type=\"text-editor.default\">\n\t\t\t\t<div class=\"elementor-widget-container\">\n\t\t\t\t\t\t\t\t\t<h6 style=\"text-align: center;\">von links: Dagmar Freitag, Anja Ihme, Inge Blask und Bettina Lugk<\/h6>\t\t\t\t\t\t\t\t<\/div>\n\t\t\t\t<\/div>\n\t\t\t\t\t<\/div>\n\t\t<\/div>\n\t\t\t\t\t<\/div>\n\t\t<\/section>\n\t\t\t\t<section class=\"elementor-section elementor-top-section elementor-element elementor-element-fe192c2 elementor-section-boxed elementor-section-height-default elementor-section-height-default\" data-id=\"fe192c2\" data-element_type=\"section\" data-e-type=\"section\">\n\t\t\t\t\t\t<div class=\"elementor-container elementor-column-gap-default\">\n\t\t\t\t\t<div class=\"elementor-column elementor-col-100 elementor-top-column elementor-element elementor-element-2c55e40\" data-id=\"2c55e40\" data-element_type=\"column\" data-e-type=\"column\">\n\t\t\t<div class=\"elementor-widget-wrap elementor-element-populated\">\n\t\t\t\t\t\t<div class=\"elementor-element elementor-element-52f4fcc elementor-widget elementor-widget-text-editor\" data-id=\"52f4fcc\" data-element_type=\"widget\" data-e-type=\"widget\" data-widget_type=\"text-editor.default\">\n\t\t\t\t<div class=\"elementor-widget-container\">\n\t\t\t\t\t\t\t\t\t<p>Unter strengsten Hygieneregel fand am vergangenen Samstag, den 26.06.2021 in Kierspe, u.a. die Delegiertenkonferenz f\u00fcr die Wahl zur Aufstellung der SPD-Kandidatin f\u00fcr die Landtagswahl 2022 f\u00fcr den Wahlkreis 121 statt. Anja Ihme aus Iserlohn konnte sich gegen ihre Werdohler Herausforderin Nadine Kuschmiersz durchsetzen.<\/p><p>Des Weiteren wurde auf dem anschie\u00dfend stattfindenden Parteitag der SPD-M\u00e4rkischer Kreis u.a. ein neuer Vorstand gew\u00e4hlt. Gordan Dudas wurde zum Vorsitzenden des SPD-Unterbezirk M\u00e4rkischer Kreis wieder gew\u00e4hlt. Die Werdohlerinnen Marion Gierse wurde in der Position der stellvertretenden Vorsitzenden und Nadine Kuschmiersz zur Beisitzerin ebenfalls wiedergew\u00e4hlt.<\/p>\t\t\t\t\t\t\t\t<\/div>\n\t\t\t\t<\/div>\n\t\t\t\t\t<\/div>\n\t\t<\/div>\n\t\t\t\t\t<\/div>\n\t\t<\/section>\n\t\t\t\t<\/div>\n\t\t","protected":false},"excerpt":{"rendered":"<p>von links: Dagmar Freitag, Anja Ihme, Inge Blask und Bettina Lugk Unter strengsten Hygieneregel fand am vergangenen Samstag, den 26.06.2021 in Kierspe, u.a. die Delegiertenkonferenz f\u00fcr die Wahl zur Aufstellung der SPD-Kandidatin f\u00fcr die Landtagswahl 2022 f\u00fcr den Wahlkreis 121 statt. Anja Ihme aus Iserlohn konnte sich gegen ihre Werdohler Herausforderin Nadine Kuschmiersz durchsetzen. Des [&hellip;]<\/p>\n","protected":false},"author":1,"featured_media":14048,"comment_status":"closed","ping_status":"closed","sticky":false,"template":"","format":"standard","meta":{"footnotes":""},"categories":[1,251,114,47,48,11],"tags":[252,93,254,253],"class_list":["post-14047","post","type-post","status-publish","format-standard","has-post-thumbnail","hentry","category-allgemeines","category-landtagswahl-2022","category-markischer-kreis","category-partei","category-wahlen","category-werdohl","tag-anjaihme","tag-landtagswahl-nrw","tag-landtagswahl2022","tag-ltw2022","entry","has-media"],"_links":{"self":[{"href":"https:\/\/www.spd-werdohl.de\/spd\/wp-json\/wp\/v2\/posts\/14047","targetHints":{"allow":["GET"]}}],"collection":[{"href":"https:\/\/www.spd-werdohl.de\/spd\/wp-json\/wp\/v2\/posts"}],"about":[{"href":"https:\/\/www.spd-werdohl.de\/spd\/wp-json\/wp\/v2\/types\/post"}],"author":[{"embeddable":true,"href":"https:\/\/www.spd-werdohl.de\/spd\/wp-json\/wp\/v2\/users\/1"}],"replies":[{"embeddable":true,"href":"https:\/\/www.spd-werdohl.de\/spd\/wp-json\/wp\/v2\/comments?post=14047"}],"version-history":[{"count":11,"href":"https:\/\/www.spd-werdohl.de\/spd\/wp-json\/wp\/v2\/posts\/14047\/revisions"}],"predecessor-version":[{"id":14062,"href":"https:\/\/www.spd-werdohl.de\/spd\/wp-json\/wp\/v2\/posts\/14047\/revisions\/14062"}],"wp:featuredmedia":[{"embeddable":true,"href":"https:\/\/www.spd-werdohl.de\/spd\/wp-json\/wp\/v2\/media\/14048"}],"wp:attachment":[{"href":"https:\/\/www.spd-werdohl.de\/spd\/wp-json\/wp\/v2\/media?parent=14047"}],"wp:term":[{"taxonomy":"category","embeddable":true,"href":"https:\/\/www.spd-werdohl.de\/spd\/wp-json\/wp\/v2\/categories?post=14047"},{"taxonomy":"post_tag","embeddable":true,"href":"https:\/\/www.spd-werdohl.de\/spd\/wp-json\/wp\/v2\/tags?post=14047"}],"curies":[{"name":"wp","href":"https:\/\/api.w.org\/{rel}","templated":true}]}}