{"id":14104,"date":"2021-07-17T19:44:05","date_gmt":"2021-07-17T17:44:05","guid":{"rendered":"https:\/\/www.spd-werdohl.de\/spd\/?p=14104"},"modified":"2021-07-17T19:44:12","modified_gmt":"2021-07-17T17:44:12","slug":"ein-einfaches-danke-reicht-nicht-aus","status":"publish","type":"post","link":"https:\/\/www.spd-werdohl.de\/spd\/2021\/07\/17\/ein-einfaches-danke-reicht-nicht-aus\/","title":{"rendered":"Ein einfaches DANKE reicht nicht aus."},"content":{"rendered":"\n<p>In den letzten Tagen sind Dinge in unserer Stadt geschehen, die man eigentlich nur aus dem Fernsehen kennt. Man kennt zwar die ansteigen Pegelst\u00e4nde von Lenne und Verse aber dass aus allen m\u00f6glichen Richtungen Wasser zu Tal str\u00f6mt, gab es so in unserer Stadt wahrscheinlich auch noch nicht. Ohne die durchgef\u00fchrten Renaturierungsma\u00dfnahmen der beiden Fl\u00fcsse w\u00e4re das Ausma\u00df wahrscheinlich noch gr\u00f6\u00dfer gewesen. Dennoch hat es viele Menschen getroffen und nicht nur hohen Sachschaden verursacht sondern auch Menschenleben gekostet. Wir Werdohler trauern um den, im Einsatz verstorbenen Feuerwehrmann, der sein Leben lie\u00df um die Bev\u00f6lkerung zu retten und zu sch\u00fctzen. Unsere Gedanken und unser Beileid sind bei seiner Familie und Angeh\u00f6rigen.<\/p>\n\n\n\n<p>Unsere Feuerwehrleute und Rettungskr\u00e4fte sind ein wertvolles Gut. Wir sollten auch in Zukunft dieses Gut hegen und pflegen und wir k\u00f6nnen stolz auf sie sein.<\/p>\n\n\n\n<p>Unseren Respekt gilt allen Einsatzkr\u00e4ften die nicht nur in Werdohl sondern im gesamten Katastrophengebiet t\u00e4tig sind und teilweise sogar ihr Leben lie\u00dfen.<\/p>\n\n\n\n<p>Ein einfaches DANKE reicht da nicht mehr aus.<\/p>\n\n\n\n<p>Aber wir d\u00fcrfen auch nicht die anderen Helfer aus Organisationen wie den THW, dem DRK oder den Maltesern, den Mitarbeitern des Bauhof und des Ordnungsamtes sowie allen freiwilligen Helferinnen und Helfern vergessen. Eine unglaubliche Solidarit\u00e4t schafft es dass Werdohl wieder z\u00fcgig auf die Beine kommt.<\/p>\n\n\n\n<p>#Respekt<\/p>\n\n\n\n<p><\/p>\n","protected":false},"excerpt":{"rendered":"<p>In den letzten Tagen sind Dinge in unserer Stadt geschehen, die man eigentlich nur aus dem Fernsehen kennt. Man kennt zwar die ansteigen Pegelst\u00e4nde von Lenne und Verse aber dass aus allen m\u00f6glichen Richtungen Wasser zu Tal str\u00f6mt, gab es so in unserer Stadt wahrscheinlich auch noch nicht. Ohne die durchgef\u00fchrten Renaturierungsma\u00dfnahmen der beiden Fl\u00fcsse [&hellip;]<\/p>\n","protected":false},"author":1,"featured_media":0,"comment_status":"closed","ping_status":"","sticky":false,"template":"","format":"standard","meta":{"footnotes":""},"categories":[1,16,259,13,258,20,17,15,114,14,19,18,12,11],"tags":[],"class_list":["post-14104","post","type-post","status-publish","format-standard","hentry","category-allgemeines","category-barenstein-borbecke","category-ehrenamt","category-eveking","category-feuerwehr","category-kettling","category-kleinhammer","category-konigsburg","category-markischer-kreis","category-pungelscheid","category-stadtmitte","category-utterlingsen","category-versetal","category-werdohl","entry"],"_links":{"self":[{"href":"https:\/\/www.spd-werdohl.de\/spd\/wp-json\/wp\/v2\/posts\/14104","targetHints":{"allow":["GET"]}}],"collection":[{"href":"https:\/\/www.spd-werdohl.de\/spd\/wp-json\/wp\/v2\/posts"}],"about":[{"href":"https:\/\/www.spd-werdohl.de\/spd\/wp-json\/wp\/v2\/types\/post"}],"author":[{"embeddable":true,"href":"https:\/\/www.spd-werdohl.de\/spd\/wp-json\/wp\/v2\/users\/1"}],"replies":[{"embeddable":true,"href":"https:\/\/www.spd-werdohl.de\/spd\/wp-json\/wp\/v2\/comments?post=14104"}],"version-history":[{"count":1,"href":"https:\/\/www.spd-werdohl.de\/spd\/wp-json\/wp\/v2\/posts\/14104\/revisions"}],"predecessor-version":[{"id":14105,"href":"https:\/\/www.spd-werdohl.de\/spd\/wp-json\/wp\/v2\/posts\/14104\/revisions\/14105"}],"wp:attachment":[{"href":"https:\/\/www.spd-werdohl.de\/spd\/wp-json\/wp\/v2\/media?parent=14104"}],"wp:term":[{"taxonomy":"category","embeddable":true,"href":"https:\/\/www.spd-werdohl.de\/spd\/wp-json\/wp\/v2\/categories?post=14104"},{"taxonomy":"post_tag","embeddable":true,"href":"https:\/\/www.spd-werdohl.de\/spd\/wp-json\/wp\/v2\/tags?post=14104"}],"curies":[{"name":"wp","href":"https:\/\/api.w.org\/{rel}","templated":true}]}}