{"id":14123,"date":"2021-08-31T10:23:36","date_gmt":"2021-08-31T08:23:36","guid":{"rendered":"https:\/\/www.spd-werdohl.de\/spd\/?p=14123"},"modified":"2021-08-31T10:45:47","modified_gmt":"2021-08-31T08:45:47","slug":"aktuelle-verkehrssituation","status":"publish","type":"post","link":"https:\/\/www.spd-werdohl.de\/spd\/2021\/08\/31\/aktuelle-verkehrssituation\/","title":{"rendered":"Aktuelle Verkehrssituation"},"content":{"rendered":"<p>Die aktuelle Verkehrslage in und um Werdohl ist zur Zeit eine recht nervenaufreibende Angelegenheit. Die durch das Unwetter verursachten Sch\u00e4den an vielen Verkehrswegen beeintr\u00e4chtigen die gewohnten Wegen nutzen zu k\u00f6nnen. Hier eine kleine \u00dcbersicht:<\/p>\n<p><strong>Ruhr-Sieg-Strecke (RB91 und RE16)\u2028:<\/strong><\/p>\n<p>Die Bahn als Netzbetreiber und Abellio als auftragnehmendes Unternehmen sind wegen den Sch\u00e4den an den Gleisanlagen in Hagen, Nachrodt-Wiblingwerde und Altena zur Zeit nicht in der Lage den Zugverkehr auf dieser Strecke anzubieten. Alternativ wird in Zusammenarbeit mit der MVG ein Schienenersatzverkehr mit Bussen zur Verf\u00fcgung gestellt.<br \/>\nVon Werdohl gibt es die M\u00f6glichkeit direkt zum Hagener Hauptbahnhof zu fahren oder \u00fcber Altena Bahnhof, Iserlohn-Letmathe Bahnhof, Hagen-Hohenlimburg Bahnhof nach Hagen zu kommen.<br \/>\nZu dem ist auch die Strecke von Letmathe nach Iserlohn nicht mit dem Zug zu befahren. Auch hier wird ein Pendelbus eingesetzt.<br \/>\nAber auch die MVG hat es gerade nicht leicht Fahrzeuge und Fahrer daf\u00fcr zu finden. Hier kommen bereits Unternehmen zum Einsatz die nicht mehr aus der Region kommen.<\/p>\n<p>Das Ganze wird auch noch einige Monate andauern.<\/p>\n<p>Fahrplan f\u00fcr den SPNV inkl. SEV:<br \/>\n<a href=\"https:\/\/www.zuginfo.nrw\/download\/1628169147965_RE16_RB91_Unwetter_ab_05-08.pdf\" target=\"_blank\" rel=\"noopener\">https:\/\/www.zuginfo.nrw\/download\/1628169147965_RE16_RB91_Unwetter_ab_05-08.pdf\u2028\u2028<\/a><\/p>\n<p>F\u00fcr die Sch\u00fclerinnen und Sch\u00fcler die nach Altena zur Schule fahren m\u00fcssen, hat die MVG mit dem NWL (Nahverkehr Westfalen-Lippe), dem M\u00e4rkischen Kreis, der Stadt Altena und der Schulleitung des Burggymnasiums Altena ab dem 30.08.2021 eine Alternative geschaffen:<\/p>\n<p>Quelle und Link:<br \/>\n<a href=\"https:\/\/www.mvg-online.de\/aktionen\/schulverkehr-burggymnasium\" target=\"_blank\" rel=\"noopener\">https:\/\/www.mvg-online.de\/aktionen\/schulverkehr-burggymnasium<\/a><\/p>\n<p>Zu dem kommen weitere Bauma\u00dfnahmen zwischen Werdohl und Finnentrop hinzu.<br \/>\nQuelle und Link:<br \/>\n<a href=\"https:\/\/www.abellio.de\/aktuelle-meldungen\/construction\/53965\" target=\"_blank\" rel=\"noopener\">https:\/\/www.abellio.de\/aktuelle-meldungen\/construction\/53965<\/a><br \/>\nFahrplan f\u00fcr diese Bauma\u00dfnahme:<br \/>\n<a href=\"https:\/\/www.zuginfo.nrw\/download\/1629962870328_SEV_RE16_RB91.pdf\" target=\"_blank\" rel=\"noopener\">https:\/\/www.zuginfo.nrw\/download\/1629962870328_SEV_RE16_RB91.pdf<\/a><\/p>\n<p><strong>Der H\u00f6henweg (L655)<\/strong><\/p>\n<p>Auf der H\u00f6henweg ist nun seit dem 23.08.2021 f\u00fcr ca. 5 Wochen gesperrt worden. Das hat zu folge, dass der Verkehr nach L\u00fcdenscheid und Altena durchs Versetal gef\u00fchrt werden muss. Zu dem kommt auch noch die Busse der MVG-Linien S2 und 66ALF. Die S2 f\u00e4hrt zwischen Werdohl \u201eBahnhof ZOB\u201c und der L\u00fcdenscheider Haltestelle \u201eWorth\u201c nonstop. Die ALF-Linie. 66 kann die Haltestelle \u201eForsthaus\u201c nicht bedienen und entf\u00e4llt.<\/p>\n<p>Quelle und Link:<br \/>\n<a href=\"https:\/\/www.mvg-online.de\/service\/news\/news\/werdohl-linie-66-alf-und-s2-sperrung-des-hoehenweg-l-655-im-bereich-forsthaus-ab-23082021\" target=\"_blank\" rel=\"noopener\">https:\/\/www.mvg-online.de\/service\/news\/news\/werdohl-linie-66-alf-und-s2-sperrung-des-hoehenweg-l-655-im-bereich-forsthaus-ab-23082021\u2028\u2028<\/a><\/p>\n<p><strong>Die H\u00f6llmecke<\/strong><\/p>\n<p>Vollsperrung auf unbestimmte Zeit. Die Stadt und die beteiligten Bauunternehmen arbeiten mit Hochdruck an der Wiederherstellung der Verbindung zwischen Werdohl und Neuenrade.<\/p>\n<p>Meldung f\u00fcr Strassen.NRW:<\/p>\n<p><em>L656 Neuenrade &#8211; H\u00f6llmecker Weg &#8211; Abs1<\/em><br \/>\n<em>\u2028Beginn: 15.07.2021 00:00<\/em><br \/>\n<em>\u2028Ende: 31.12.2022 23:59 \u2028(Ende der Gesamtma\u00dfnahme: 31.12.2022)\u2028<\/em><br \/>\n<em>\u00c4nderung Verkehrsf\u00fchrung<\/em><br \/>\n<em>\u2028L\u00e4nge: 2.43 km<\/em><br \/>\n<em>\u2028L656 zwischen B236, \u00dctterlingser Stra\u00dfe und Neuenrade in beiden Richtungen<\/em><\/p>\n<p>Da jetzt das Bauunternehmen vorrangig mit der H\u00f6llmecke besch\u00e4ftigt ist, k\u00f6nnen die restlichen Arbeiten zur Fertigstellung des \u2026<\/p>\n<p><strong>Kreisverkehr Neuenrader Str.\/Plettenberger Str.<\/strong><\/p>\n<p>erst nach der Reparatur der H\u00f6llmecke.<\/p>\n<p><strong>Die Br\u00fccke nach \u00dctterlingsen<\/strong><\/p>\n<p>Meldung f\u00fcr Strassen.NRW:<br \/>\n<em>\u2028B 236 Werdohl-\u00dctterlingsen (Lennebr\u00fccke)<\/em><br \/>\n<em>\u2028Beginn: 14.04.2014 00:00<\/em><br \/>\n<em>\u2028Ende: 04.04.2022 23:59\u2028 (Ende der Gesamtma\u00dfnahme: 04.04.2022)\u2028\u2028<\/em><br \/>\n<em>Br\u00fcckenneubau\u2028<\/em><br \/>\n<em>L\u00e4nge: 0.15 km | Max. 30 km\/h | Maximale Durchfahrtsbreite: 3.00 m<\/em><br \/>\n<em>\u2028B236 Lennestra\u00dfe, Lennestadt &#8211; Schwerte zwischen Werdohl und \u00dctterlingsen in beiden Richtungen<\/em><br \/>\n<em>\u2028Verkehr wird \u00fcber Behelfsbr\u00fccke geleitet<\/em><\/p>\n<p><strong>Schwarze Ahe (L879)<\/strong><\/p>\n<p>Meldung f\u00fcr Strassen.NRW:<br \/>\n<em>L879 Herscheid-Hardt-Ahehammer &#8211; Abs.3<\/em><br \/>\n<em>Beginn: 15.07.2021 00:00<\/em><br \/>\n<em>Ende: 10.09.2021 23:59<\/em><br \/>\n<em>(Ende der Gesamtma\u00dfnahme: 10.09.2021)<\/em><\/p>\n<p><em>\u00c4nderung Verkehrsf\u00fchrung<\/em><\/p>\n<p><em>L\u00e4nge: 5.08 km<\/em><br \/>\n<em>L879 Hardt zwischen Abzweig nach Herscheid und Abzweig nach Bubbecke in beiden Richtungen<\/em><\/p>\n<p>Bild von <a href=\"https:\/\/pixabay.com\/de\/users\/reginal-2222037\/?utm_source=link-attribution&amp;utm_medium=referral&amp;utm_campaign=image&amp;utm_content=3823519\">Reginal<\/a> auf <a href=\"https:\/\/pixabay.com\/de\/?utm_source=link-attribution&amp;utm_medium=referral&amp;utm_campaign=image&amp;utm_content=3823519\">Pixabay<\/a><\/p>\n","protected":false},"excerpt":{"rendered":"<p>Die aktuelle Verkehrslage in und um Werdohl ist zur Zeit eine recht nervenaufreibende Angelegenheit. Die durch das Unwetter verursachten Sch\u00e4den an vielen Verkehrswegen beeintr\u00e4chtigen die gewohnten Wegen nutzen zu k\u00f6nnen. Hier eine kleine \u00dcbersicht: Ruhr-Sieg-Strecke (RB91 und RE16)\u2028: Die Bahn als Netzbetreiber und Abellio als auftragnehmendes Unternehmen sind wegen den Sch\u00e4den an den Gleisanlagen in [&hellip;]<\/p>\n","protected":false},"author":13,"featured_media":14128,"comment_status":"closed","ping_status":"closed","sticky":false,"template":"","format":"standard","meta":{"footnotes":""},"categories":[1,16,13,20,17,15,114,14,19,18,12,11],"tags":[],"class_list":["post-14123","post","type-post","status-publish","format-standard","has-post-thumbnail","hentry","category-allgemeines","category-barenstein-borbecke","category-eveking","category-kettling","category-kleinhammer","category-konigsburg","category-markischer-kreis","category-pungelscheid","category-stadtmitte","category-utterlingsen","category-versetal","category-werdohl","entry","has-media"],"_links":{"self":[{"href":"https:\/\/www.spd-werdohl.de\/spd\/wp-json\/wp\/v2\/posts\/14123","targetHints":{"allow":["GET"]}}],"collection":[{"href":"https:\/\/www.spd-werdohl.de\/spd\/wp-json\/wp\/v2\/posts"}],"about":[{"href":"https:\/\/www.spd-werdohl.de\/spd\/wp-json\/wp\/v2\/types\/post"}],"author":[{"embeddable":true,"href":"https:\/\/www.spd-werdohl.de\/spd\/wp-json\/wp\/v2\/users\/13"}],"replies":[{"embeddable":true,"href":"https:\/\/www.spd-werdohl.de\/spd\/wp-json\/wp\/v2\/comments?post=14123"}],"version-history":[{"count":6,"href":"https:\/\/www.spd-werdohl.de\/spd\/wp-json\/wp\/v2\/posts\/14123\/revisions"}],"predecessor-version":[{"id":14131,"href":"https:\/\/www.spd-werdohl.de\/spd\/wp-json\/wp\/v2\/posts\/14123\/revisions\/14131"}],"wp:featuredmedia":[{"embeddable":true,"href":"https:\/\/www.spd-werdohl.de\/spd\/wp-json\/wp\/v2\/media\/14128"}],"wp:attachment":[{"href":"https:\/\/www.spd-werdohl.de\/spd\/wp-json\/wp\/v2\/media?parent=14123"}],"wp:term":[{"taxonomy":"category","embeddable":true,"href":"https:\/\/www.spd-werdohl.de\/spd\/wp-json\/wp\/v2\/categories?post=14123"},{"taxonomy":"post_tag","embeddable":true,"href":"https:\/\/www.spd-werdohl.de\/spd\/wp-json\/wp\/v2\/tags?post=14123"}],"curies":[{"name":"wp","href":"https:\/\/api.w.org\/{rel}","templated":true}]}}