{"id":2368,"date":"2012-08-21T09:31:45","date_gmt":"2012-08-21T07:31:45","guid":{"rendered":"http:\/\/www.spd-werdohl.de\/spd\/?p=2368"},"modified":"2012-08-21T09:31:45","modified_gmt":"2012-08-21T07:31:45","slug":"vor-60-jahren-20-08-kurt-schumacher-gestorben","status":"publish","type":"post","link":"https:\/\/www.spd-werdohl.de\/spd\/2012\/08\/21\/vor-60-jahren-20-08-kurt-schumacher-gestorben\/","title":{"rendered":"Vor 60 Jahren 20.08. Kurt Schumacher gestorben"},"content":{"rendered":"<p style=\"text-align: justify;\">Kurt Schumacher wurde am 13. Oktober 1895 im westpreu\u00dfischen Culm geboren. Bei Ausbruch des I. Weltkriegs legte er das Notabitur ab und meldete sich als Kriegsfreiwilliger. Nach schwerer Verwundung an der Ostfront verlor er seinen rechten Arm. Von 1915 bis 1919 studierte er Rechts- und Staatswissenschaften, 1920 promovierte er zum Doktor rer. pol. Im Januar 1918 schloss sich Schumacher der SPD an. Er war politischer Redakteur der &#8222;Schw\u00e4bischen Tagwacht&#8220;, Abgeordneter des W\u00fcrttembergischen Landtags, des Reichtags und seit 1930 Vorsitzender der SPD in Stuttgart. Nach Hitlers Machtergreifung beteiligte sich Schumacher sofort am Widerstand gegen das NS-Regime und wurde am 6.Juli 1933 verhaftet. Es folgte ein fast zehnj\u00e4hriger Leidensweg durch Gef\u00e4ngnisse und Konzentrationslager. Als Sp\u00e4tfolge der KZ-Haft musste sein linkes Bein amputiert werden. Von Hannover aus begann f\u00fcr den unumstritten f\u00fchrenden Mann der Sozialdemokratie der Wiederaufbau der SPD. Der Parteitag in Hannover w\u00e4hlte ihn 1946 zum Parteivorsitzenden. Im I. Deutschen Bundestag wurde er Vorsitzender der SPD-Fraktion. Schumachers politische Ziele waren die Wiedervereinigung Deutschlands in Freiheit, das Selbstbestimmungsrecht und die Gleichberechtigung Deutschlands in der internationalen Politik. Kurt Schumacher geh\u00f6rt zu den Gr\u00fcndungsv\u00e4tern der Bundesrepublik Deutschland. Er starb am 20. August 1952 im Alter von nur 57 Jahren.<\/p>\n<p>Seit 1985 hei\u00dft die Bildungsst\u00e4tte der Friedrich-Ebert-Stiftung in Bad M\u00fcnstereifel &#8222;Kurt-Schumacher-Akademie&#8220;<\/p>\n<p>(Foto und Text FES)<\/p>\n<p style=\"text-align: justify;\"><a href=\"https:\/\/www.spd-werdohl.de\/spd\/wp-content\/uploads\/2012\/08\/041a020094.jpg\"><img fetchpriority=\"high\" decoding=\"async\" class=\"size-large wp-image-2369\" title=\"041a020094\" src=\"https:\/\/www.spd-werdohl.de\/spd\/wp-content\/uploads\/2012\/08\/041a020094-724x1024.jpg\" alt=\"\" width=\"565\" height=\"799\" srcset=\"https:\/\/www.spd-werdohl.de\/spd\/wp-content\/uploads\/2012\/08\/041a020094-724x1024.jpg 724w, https:\/\/www.spd-werdohl.de\/spd\/wp-content\/uploads\/2012\/08\/041a020094-212x300.jpg 212w, https:\/\/www.spd-werdohl.de\/spd\/wp-content\/uploads\/2012\/08\/041a020094.jpg 1417w\" sizes=\"(max-width: 565px) 100vw, 565px\" \/><\/a><\/p>\n","protected":false},"excerpt":{"rendered":"<p>Kurt Schumacher wurde am 13. Oktober 1895 im westpreu\u00dfischen Culm geboren. Bei Ausbruch des I. Weltkriegs legte er das Notabitur ab und meldete sich als Kriegsfreiwilliger. Nach schwerer Verwundung an der Ostfront verlor er seinen rechten Arm. Von 1915 bis 1919 studierte er Rechts- und Staatswissenschaften, 1920 promovierte er zum Doktor rer. pol. Im Januar [&hellip;]<\/p>\n","protected":false},"author":17,"featured_media":0,"comment_status":"open","ping_status":"open","sticky":false,"template":"","format":"standard","meta":{"footnotes":""},"categories":[47],"tags":[],"class_list":["post-2368","post","type-post","status-publish","format-standard","hentry","category-partei","entry"],"_links":{"self":[{"href":"https:\/\/www.spd-werdohl.de\/spd\/wp-json\/wp\/v2\/posts\/2368","targetHints":{"allow":["GET"]}}],"collection":[{"href":"https:\/\/www.spd-werdohl.de\/spd\/wp-json\/wp\/v2\/posts"}],"about":[{"href":"https:\/\/www.spd-werdohl.de\/spd\/wp-json\/wp\/v2\/types\/post"}],"author":[{"embeddable":true,"href":"https:\/\/www.spd-werdohl.de\/spd\/wp-json\/wp\/v2\/users\/17"}],"replies":[{"embeddable":true,"href":"https:\/\/www.spd-werdohl.de\/spd\/wp-json\/wp\/v2\/comments?post=2368"}],"version-history":[{"count":4,"href":"https:\/\/www.spd-werdohl.de\/spd\/wp-json\/wp\/v2\/posts\/2368\/revisions"}],"predecessor-version":[{"id":2373,"href":"https:\/\/www.spd-werdohl.de\/spd\/wp-json\/wp\/v2\/posts\/2368\/revisions\/2373"}],"wp:attachment":[{"href":"https:\/\/www.spd-werdohl.de\/spd\/wp-json\/wp\/v2\/media?parent=2368"}],"wp:term":[{"taxonomy":"category","embeddable":true,"href":"https:\/\/www.spd-werdohl.de\/spd\/wp-json\/wp\/v2\/categories?post=2368"},{"taxonomy":"post_tag","embeddable":true,"href":"https:\/\/www.spd-werdohl.de\/spd\/wp-json\/wp\/v2\/tags?post=2368"}],"curies":[{"name":"wp","href":"https:\/\/api.w.org\/{rel}","templated":true}]}}