{"id":25372,"date":"2025-06-02T22:05:38","date_gmt":"2025-06-02T20:05:38","guid":{"rendered":"https:\/\/www.spd-werdohl.de\/spd\/?p=25372"},"modified":"2025-06-08T22:17:55","modified_gmt":"2025-06-08T20:17:55","slug":"ein-starkes-team-fuer-die-zukunft-der-stadt-und-politik-auf-augenhoehe","status":"publish","type":"post","link":"https:\/\/www.spd-werdohl.de\/spd\/2025\/06\/02\/ein-starkes-team-fuer-die-zukunft-der-stadt-und-politik-auf-augenhoehe\/","title":{"rendered":"Ein starkes Team f\u00fcr die Zukunft der Stadt und Politik auf Augenh\u00f6he"},"content":{"rendered":"\t\t<div data-elementor-type=\"wp-post\" data-elementor-id=\"25372\" class=\"elementor elementor-25372\">\n\t\t\t\t\t\t<section class=\"elementor-section elementor-top-section elementor-element elementor-element-4adbd9e2 elementor-section-boxed elementor-section-height-default elementor-section-height-default\" data-id=\"4adbd9e2\" data-element_type=\"section\" data-e-type=\"section\">\n\t\t\t\t\t\t<div class=\"elementor-container elementor-column-gap-default\">\n\t\t\t\t\t<div class=\"elementor-column elementor-col-100 elementor-top-column elementor-element elementor-element-7f3f89\" data-id=\"7f3f89\" data-element_type=\"column\" data-e-type=\"column\">\n\t\t\t<div class=\"elementor-widget-wrap elementor-element-populated\">\n\t\t\t\t\t\t<div class=\"elementor-element elementor-element-87cb0f7 elementor-widget elementor-widget-text-editor\" data-id=\"87cb0f7\" data-element_type=\"widget\" data-e-type=\"widget\" data-widget_type=\"text-editor.default\">\n\t\t\t\t<div class=\"elementor-widget-container\">\n\t\t\t\t\t\t\t\t\t\n<p>Bei der Mitgliederversammlung am vergangenen Donnerstag hat der SPD Ortsverein Werdohl die Kandidatinnen und Kandidaten f\u00fcr die Kommunalwahl am 14. September pr\u00e4sentiert. Das Team, das die Zukunft der Stadt Werdohl ma\u00dfgeblich mitgestalten will, zeichnet sich durch frische Ideen, viel Engagement und gro\u00dfe Entschlossenheit aus.<\/p>\n\n<p>Die Altersspanne der Kandidatinnen und Kandidaten reicht von 19 bis 64 Jahren, mit einem Durchschnittsalter von 42 Jahren. Diese Mischung aus verschiedenen Generationen spiegelt das breite Spektrum der Werdohler Bev\u00f6lkerung wider und soll sicherstellen, dass die Anliegen aller Altersgruppen Geh\u00f6r finden.<\/p>\n\n<p>Ein zentrales Anliegen der SPD Werdohl ist es, Politik auf Augenh\u00f6he zu gestalten. Die vorgestellten Kandidatinnen und Kandidaten m\u00f6chten nicht nur f\u00fcr die B\u00fcrgerinnen und B\u00fcrger handeln, sondern auch gemeinsam mit ihnen L\u00f6sungen f\u00fcr die Herausforderungen der Stadt entwickeln.<\/p>\n\n<p>Dar\u00fcber hinaus war die Versammlung auch ein freudiger Anlass, vier neue Parteib\u00fccher zu \u00fcberreichen. Die \u00dcbergabe erfolgte durch B\u00fcrgermeister Andreas Sp\u00e4inghaus und den Ortsvereinsvorsitzenden Bj\u00f6rn Walocha, was den Zuwachs und die Attraktivit\u00e4t des SPD Ortsvereins Werdohl unterstreicht.<\/p>\n\n<p>Die Kandidatinnen und Kandidaten freuen sich darauf, sich mit voller Kraft f\u00fcr die Belange der Menschen in Werdohl einzusetzen und wichtige Weichen f\u00fcr die Entwicklung der Stadt zu stellen.<\/p>\n\t\t\t\t\t\t\t\t<\/div>\n\t\t\t\t<\/div>\n\t\t\t\t\t<\/div>\n\t\t<\/div>\n\t\t\t\t\t<\/div>\n\t\t<\/section>\n\t\t\t\t<section class=\"elementor-section elementor-top-section elementor-element elementor-element-fc781aa elementor-section-boxed elementor-section-height-default elementor-section-height-default\" data-id=\"fc781aa\" data-element_type=\"section\" data-e-type=\"section\">\n\t\t\t\t\t\t<div class=\"elementor-container elementor-column-gap-default\">\n\t\t\t\t\t<div class=\"elementor-column elementor-col-100 elementor-top-column elementor-element elementor-element-69ebb52\" data-id=\"69ebb52\" data-element_type=\"column\" data-e-type=\"column\">\n\t\t\t<div class=\"elementor-widget-wrap elementor-element-populated\">\n\t\t\t\t\t\t<div class=\"elementor-element elementor-element-decd358 elementor-widget elementor-widget-text-editor\" data-id=\"decd358\" data-element_type=\"widget\" data-e-type=\"widget\" data-widget_type=\"text-editor.default\">\n\t\t\t\t<div class=\"elementor-widget-container\">\n\t\t\t\t\t\t\t\t\t<table style=\"border-size: 1px; border-collapse: collapse;\" cellpadding=\"1\">\n<tbody>\n<tr>\n<td style=\"width: 20%;\"><b>Wahlbezirk<\/b><\/td>\n<td style=\"width: 40%;\"><b>Wahllokal<\/b><\/td>\n<td style=\"width: 40%;\"><b>Kandidat\/-in<\/b><\/td>\n<\/tr>\n<tr>\n<td style=\"width: 20%;\">010<\/td>\n<td style=\"width: 40%;\">Baubetriebshof<\/td>\n<td style=\"width: 40%;\">Nadine Kuschmiersz<\/td>\n<\/tr>\n<tr>\n<td style=\"width: 20%;\">020<\/td>\n<td style=\"width: 40%;\">Wichernhaus<\/td>\n<td style=\"width: 40%;\">Jannis Schupp<\/td>\n<\/tr>\n<tr>\n<td style=\"width: 20%;\">030<\/td>\n<td style=\"width: 40%;\">Rathaus Einwohnerb\u00fcro<\/td>\n<td style=\"width: 40%;\">Selattin Alptekin<\/td>\n<\/tr>\n<tr>\n<td style=\"width: 20%;\">040<\/td>\n<td style=\"width: 40%;\">St. Michael-Grundschule<\/td>\n<td style=\"width: 40%;\">Ali Akdeniz<\/td>\n<\/tr>\n<tr>\n<td style=\"width: 20%;\">050<\/td>\n<td style=\"width: 40%;\">Stadtmuseum<\/td>\n<td style=\"width: 40%;\">Jan Vidal Canas<\/td>\n<\/tr>\n<tr>\n<td style=\"width: 20%;\">060<\/td>\n<td style=\"width: 40%;\">Rathaus Trauzimmer<\/td>\n<td style=\"width: 40%;\">Marion Gierse<\/td>\n<\/tr>\n<tr>\n<td style=\"width: 20%;\">070<\/td>\n<td style=\"width: 40%;\">Nachbarschaftshilfezentrum \u00dctterlingsen<\/td>\n<td style=\"width: 40%;\">Fehmican Cabuk<\/td>\n<\/tr>\n<tr>\n<td style=\"width: 20%;\">080<\/td>\n<td style=\"width: 40%;\">Kita Wunderkiste \u00dctterlingsen<\/td>\n<td style=\"width: 40%;\">Jasmin Kitta<\/td>\n<\/tr>\n<tr>\n<td style=\"width: 20%;\">090<\/td>\n<td style=\"width: 40%;\">Feuerwehr Eveking<\/td>\n<td style=\"width: 40%;\">Ulrich Engler<\/td>\n<\/tr>\n<tr>\n<td style=\"width: 20%;\">100<\/td>\n<td style=\"width: 40%;\">Turnhalle Eveking<\/td>\n<td style=\"width: 40%;\">Janina Heupel<\/td>\n<\/tr>\n<tr>\n<td style=\"width: 20%;\">110<\/td>\n<td style=\"width: 40%;\">Grundschule Kleinhammer<\/td>\n<td style=\"width: 40%;\">Anabel Vidal Fernandez<\/td>\n<\/tr>\n<tr>\n<td style=\"width: 20%;\">120<\/td>\n<td style=\"width: 40%;\">Freizeittreff Pungelscheid<\/td>\n<td style=\"width: 40%;\">Markus Schulte<\/td>\n<\/tr>\n<tr>\n<td style=\"width: 20%;\">130<\/td>\n<td style=\"width: 40%;\">AWO-Raum Pungelscheid<\/td>\n<td style=\"width: 40%;\">Moritz Dickopf<\/td>\n<\/tr>\n<tr>\n<td style=\"width: 20%;\">140<\/td>\n<td style=\"width: 40%;\">Familienzentrum Arche Noah<\/td>\n<td style=\"width: 40%;\">Marc Richter<\/td>\n<\/tr>\n<tr>\n<td style=\"width: 20%;\">150<\/td>\n<td style=\"width: 40%;\">Schulzentrum Riesei<\/td>\n<td style=\"width: 40%;\">Michael Koch<\/td>\n<\/tr>\n<tr>\n<td style=\"width: 20%;\">160<\/td>\n<td style=\"width: 40%;\">Grundschule K\u00f6nigburg<\/td>\n<td style=\"width: 40%;\">Heike Mycer<\/td>\n<\/tr>\n<\/tbody>\n<\/table>\t\t\t\t\t\t\t\t<\/div>\n\t\t\t\t<\/div>\n\t\t\t\t\t<\/div>\n\t\t<\/div>\n\t\t\t\t\t<\/div>\n\t\t<\/section>\n\t\t\t\t<\/div>\n\t\t","protected":false},"excerpt":{"rendered":"<p>Bei der Mitgliederversammlung am vergangenen Donnerstag hat der SPD Ortsverein Werdohl die Kandidatinnen und Kandidaten f\u00fcr die Kommunalwahl am 14. September pr\u00e4sentiert. Das Team, das die Zukunft der Stadt Werdohl ma\u00dfgeblich mitgestalten will, zeichnet sich durch frische Ideen, viel Engagement und gro\u00dfe Entschlossenheit aus. Die Altersspanne der Kandidatinnen und Kandidaten reicht von 19 bis 64 [&hellip;]<\/p>\n","protected":false},"author":1,"featured_media":25402,"comment_status":"closed","ping_status":"closed","sticky":false,"template":"","format":"standard","meta":{"footnotes":""},"categories":[1,16,241,13,5,10,20,17,269,15,37,114,47,14,276,19,18,3,12,48,11],"tags":[],"class_list":["post-25372","post","type-post","status-publish","format-standard","has-post-thumbnail","hentry","category-allgemeines","category-barenstein-borbecke","category-buergermeisterkandidat-andreas-spaeinghaus","category-eveking","category-fraktion-im-werdohler-stadtrat","category-jubilaen-und-gratulationen","category-kettling","category-kleinhammer","category-kommunalwahl-2025","category-konigsburg","category-kreistag","category-markischer-kreis","category-partei","category-pungelscheid","category-rodt","category-stadtmitte","category-utterlingsen","category-veranstaltungen-der-partei","category-versetal","category-wahlen","category-werdohl","entry","has-media"],"_links":{"self":[{"href":"https:\/\/www.spd-werdohl.de\/spd\/wp-json\/wp\/v2\/posts\/25372","targetHints":{"allow":["GET"]}}],"collection":[{"href":"https:\/\/www.spd-werdohl.de\/spd\/wp-json\/wp\/v2\/posts"}],"about":[{"href":"https:\/\/www.spd-werdohl.de\/spd\/wp-json\/wp\/v2\/types\/post"}],"author":[{"embeddable":true,"href":"https:\/\/www.spd-werdohl.de\/spd\/wp-json\/wp\/v2\/users\/1"}],"replies":[{"embeddable":true,"href":"https:\/\/www.spd-werdohl.de\/spd\/wp-json\/wp\/v2\/comments?post=25372"}],"version-history":[{"count":9,"href":"https:\/\/www.spd-werdohl.de\/spd\/wp-json\/wp\/v2\/posts\/25372\/revisions"}],"predecessor-version":[{"id":25467,"href":"https:\/\/www.spd-werdohl.de\/spd\/wp-json\/wp\/v2\/posts\/25372\/revisions\/25467"}],"wp:featuredmedia":[{"embeddable":true,"href":"https:\/\/www.spd-werdohl.de\/spd\/wp-json\/wp\/v2\/media\/25402"}],"wp:attachment":[{"href":"https:\/\/www.spd-werdohl.de\/spd\/wp-json\/wp\/v2\/media?parent=25372"}],"wp:term":[{"taxonomy":"category","embeddable":true,"href":"https:\/\/www.spd-werdohl.de\/spd\/wp-json\/wp\/v2\/categories?post=25372"},{"taxonomy":"post_tag","embeddable":true,"href":"https:\/\/www.spd-werdohl.de\/spd\/wp-json\/wp\/v2\/tags?post=25372"}],"curies":[{"name":"wp","href":"https:\/\/api.w.org\/{rel}","templated":true}]}}