{"id":257,"date":"2009-03-05T13:00:19","date_gmt":"2009-03-05T12:00:19","guid":{"rendered":"http:\/\/www.spd-werdohl.de\/spd\/?p=257"},"modified":"2009-03-09T12:03:18","modified_gmt":"2009-03-09T11:03:18","slug":"europagesprach-mit-birgit-sippel","status":"publish","type":"post","link":"https:\/\/www.spd-werdohl.de\/spd\/2009\/03\/05\/europagesprach-mit-birgit-sippel\/","title":{"rendered":"Europagespr\u00e4ch mit Birgit Sippel"},"content":{"rendered":"<p>\u00a0<\/p>\n<p>\u00a0<\/p>\n<p><img fetchpriority=\"high\" decoding=\"async\" class=\"alignnone size-full wp-image-314\" title=\"Birigt Sippel\" src=\"https:\/\/www.spd-werdohl.de\/spd\/wp-content\/uploads\/2009\/03\/sippel_birgit_349x531px1.jpg\" alt=\"Birigt Sippel\" width=\"317\" height=\"303\" srcset=\"https:\/\/www.spd-werdohl.de\/spd\/wp-content\/uploads\/2009\/03\/sippel_birgit_349x531px1.jpg 317w, https:\/\/www.spd-werdohl.de\/spd\/wp-content\/uploads\/2009\/03\/sippel_birgit_349x531px1-300x286.jpg 300w\" sizes=\"(max-width: 317px) 100vw, 317px\" \/><\/p>\n<p>Am <strong>24.03.2009 <\/strong>ist die SPD Kandidatin zur Europawahl\u00a0 f\u00fcr die Region S\u00fcdwestfalen, Birgit Sippel in Werdohl. Um <strong>19:00 Uhr<\/strong> wird Birgit in der Gastst\u00e4tte <strong>&#8222;Zur K\u00f6nigsburg&#8220; (Charly)<\/strong> Informationen zu ihrer Person, ihrer Bewerbung und ihrem politischen Werdegang geben. Ein Schwerpunkt des Abends wird nat\u00fcrlich die Europapolitk sein.<\/p>\n<p>Ich m\u00f6chte Sie herzlich zu dieser Veranstaltung einladen und sie Ihnen besonders ans Herz legen!<\/p>\n<p style=\"text-align: left;\">Birigit Sippel wird ein Grundsatzreferat zur Europapolitk der SPD und der europ\u00e4ischen Sozialdemokratie halten. Anschlie\u00dfend steht sie zu einer Diskussion, zu einem &#8222;Europagespr\u00e4ch&#8220; zur Verf\u00fcgung.\u00a0Gemeinsam ein soziales Europa gestalten ist der Anspruch der europ\u00e4ischen Sozialdemokratie. F\u00fcr viele von uns ist Europa- und Europapolitik weit entfernt. Wir sp\u00fcren aber immer wieder, wie die Politik aus Br\u00fcssel t\u00e4glich unser Tun und Handeln beeinflusst. Die EU ist also f\u00fcr uns sp\u00fcrbar doch sehr nahe!<\/p>\n<p>Vielfach wird gesagt\u00a0 &#8222;wir haben ja sowieso keinen Einfluss&#8220;. Sie haben hier die M\u00f6glichkeit eine engagierte Kandidatin kennen zu lernen, ihr Fragen zu stellen und ihr Ihre W\u00fcnsche und Bed\u00fcrfnisse mit auf den Weg nach Br\u00fcssel zu geben.<\/p>\n<p>Ich freue mich Sie am 24.03.2009 begr\u00fc\u00dfen zu d\u00fcrfen, helfen Sie bitte mit\u00a0das Birgit Sippel \u00a0SPD Politik f\u00fcr ein soziales Europa in Br\u00fcssel machen kann.<\/p>\n<p>Viele Gr\u00fc\u00dfe!<\/p>\n<p>Andreas Sp\u00e4inghaus \u00a0(Vorsitzender)<\/p>\n","protected":false},"excerpt":{"rendered":"<p>\u00a0 \u00a0 Am 24.03.2009 ist die SPD Kandidatin zur Europawahl\u00a0 f\u00fcr die Region S\u00fcdwestfalen, Birgit Sippel in Werdohl. Um 19:00 Uhr wird Birgit in der Gastst\u00e4tte &#8222;Zur K\u00f6nigsburg&#8220; (Charly) Informationen zu ihrer Person, ihrer Bewerbung und ihrem politischen Werdegang geben. Ein Schwerpunkt des Abends wird nat\u00fcrlich die Europapolitk sein. Ich m\u00f6chte Sie herzlich zu dieser [&hellip;]<\/p>\n","protected":false},"author":7,"featured_media":0,"comment_status":"closed","ping_status":"closed","sticky":false,"template":"","format":"standard","meta":{"footnotes":""},"categories":[1,47,52,3,48],"tags":[],"class_list":["post-257","post","type-post","status-publish","format-standard","hentry","category-allgemeines","category-partei","category-termine","category-veranstaltungen-der-partei","category-wahlen","entry"],"_links":{"self":[{"href":"https:\/\/www.spd-werdohl.de\/spd\/wp-json\/wp\/v2\/posts\/257","targetHints":{"allow":["GET"]}}],"collection":[{"href":"https:\/\/www.spd-werdohl.de\/spd\/wp-json\/wp\/v2\/posts"}],"about":[{"href":"https:\/\/www.spd-werdohl.de\/spd\/wp-json\/wp\/v2\/types\/post"}],"author":[{"embeddable":true,"href":"https:\/\/www.spd-werdohl.de\/spd\/wp-json\/wp\/v2\/users\/7"}],"replies":[{"embeddable":true,"href":"https:\/\/www.spd-werdohl.de\/spd\/wp-json\/wp\/v2\/comments?post=257"}],"version-history":[{"count":9,"href":"https:\/\/www.spd-werdohl.de\/spd\/wp-json\/wp\/v2\/posts\/257\/revisions"}],"predecessor-version":[{"id":318,"href":"https:\/\/www.spd-werdohl.de\/spd\/wp-json\/wp\/v2\/posts\/257\/revisions\/318"}],"wp:attachment":[{"href":"https:\/\/www.spd-werdohl.de\/spd\/wp-json\/wp\/v2\/media?parent=257"}],"wp:term":[{"taxonomy":"category","embeddable":true,"href":"https:\/\/www.spd-werdohl.de\/spd\/wp-json\/wp\/v2\/categories?post=257"},{"taxonomy":"post_tag","embeddable":true,"href":"https:\/\/www.spd-werdohl.de\/spd\/wp-json\/wp\/v2\/tags?post=257"}],"curies":[{"name":"wp","href":"https:\/\/api.w.org\/{rel}","templated":true}]}}