{"id":3211,"date":"2014-05-13T20:09:09","date_gmt":"2014-05-13T18:09:09","guid":{"rendered":"http:\/\/www.spd-werdohl.de\/spd\/?p=3211"},"modified":"2014-05-13T20:09:09","modified_gmt":"2014-05-13T18:09:09","slug":"buergermeisterkandidat-bei-60plus","status":"publish","type":"post","link":"https:\/\/www.spd-werdohl.de\/spd\/2014\/05\/13\/buergermeisterkandidat-bei-60plus\/","title":{"rendered":"B\u00fcrgermeisterkandidat bei 60plus"},"content":{"rendered":"<p style=\"text-align: justify;\">Der B\u00fcrgermeisterkandidat der Werdohler SPD, Matthias Wershoven, stellte sich den Mitgliedern der SPD-Arbeitsgemeinschaft 60plus vor. Wershoven referierte in einem gut gef\u00fcllten Saal \u00fcber seine Ziele als B\u00fcrgermeister. Er beleuchtete viele Aspekte seiner zuk\u00fcnftigen T\u00e4tigkeit. F\u00fcr die 60plus Senioren war es wichtig zu h\u00f6ren, dass Matthias Wershoven sich um die \u00e4rztliche Versorgung k\u00fcmmern will und das ihm der Erhalt der Stadtklinik sehr wichtig ist. Die Rede des B\u00fcrgermeisterkandidaten wurde mit viel Beifall belohnt.<\/p>\n<p style=\"text-align: justify;\">Zu Beginn der Veranstaltung machte der SPD Ortsvereinsvorsitzende, Andreas Sp\u00e4inghaus, darauf aufmerksam, wie wichtig die Wahl eines jungen Kandidaten f\u00fcr unsere Stadt ist. Er bescheinigte Matthias Wershoven, die Qualit\u00e4t f\u00fcr einen B\u00fcrgermeister. Die Partei steht voll und ganz hinter der Kandidatur Wershovens. Als Wahlziel gab Sp\u00e4inghaus aus: Die SPD-Fraktion soll st\u00e4rkste Partei im Rat der Stadt werden.<a href=\"https:\/\/www.spd-werdohl.de\/spd\/wp-content\/uploads\/2014\/05\/DSC_0004.jpg\"><img fetchpriority=\"high\" decoding=\"async\" class=\"alignleft size-large wp-image-3212\" src=\"https:\/\/www.spd-werdohl.de\/spd\/wp-content\/uploads\/2014\/05\/DSC_0004-1024x680.jpg\" alt=\"DSC_0004\" width=\"565\" height=\"375\" srcset=\"https:\/\/www.spd-werdohl.de\/spd\/wp-content\/uploads\/2014\/05\/DSC_0004-1024x680.jpg 1024w, https:\/\/www.spd-werdohl.de\/spd\/wp-content\/uploads\/2014\/05\/DSC_0004-300x199.jpg 300w, https:\/\/www.spd-werdohl.de\/spd\/wp-content\/uploads\/2014\/05\/DSC_0004-150x100.jpg 150w, https:\/\/www.spd-werdohl.de\/spd\/wp-content\/uploads\/2014\/05\/DSC_0004-320x213.jpg 320w, https:\/\/www.spd-werdohl.de\/spd\/wp-content\/uploads\/2014\/05\/DSC_0004-900x598.jpg 900w\" sizes=\"(max-width: 565px) 100vw, 565px\" \/><\/a><\/p>\n","protected":false},"excerpt":{"rendered":"<p>Der B\u00fcrgermeisterkandidat der Werdohler SPD, Matthias Wershoven, stellte sich den Mitgliedern der SPD-Arbeitsgemeinschaft 60plus vor. Wershoven referierte in einem gut gef\u00fcllten Saal \u00fcber seine Ziele als B\u00fcrgermeister. Er beleuchtete viele Aspekte seiner zuk\u00fcnftigen T\u00e4tigkeit. F\u00fcr die 60plus Senioren war es wichtig zu h\u00f6ren, dass Matthias Wershoven sich um die \u00e4rztliche Versorgung k\u00fcmmern will und das [&hellip;]<\/p>\n","protected":false},"author":7,"featured_media":0,"comment_status":"closed","ping_status":"closed","sticky":false,"template":"","format":"standard","meta":{"footnotes":""},"categories":[8,47,3,48],"tags":[35,157],"class_list":["post-3211","post","type-post","status-publish","format-standard","hentry","category-ag-60plus","category-partei","category-veranstaltungen-der-partei","category-wahlen","tag-60plus","tag-kommunalwahl-2014","entry"],"_links":{"self":[{"href":"https:\/\/www.spd-werdohl.de\/spd\/wp-json\/wp\/v2\/posts\/3211","targetHints":{"allow":["GET"]}}],"collection":[{"href":"https:\/\/www.spd-werdohl.de\/spd\/wp-json\/wp\/v2\/posts"}],"about":[{"href":"https:\/\/www.spd-werdohl.de\/spd\/wp-json\/wp\/v2\/types\/post"}],"author":[{"embeddable":true,"href":"https:\/\/www.spd-werdohl.de\/spd\/wp-json\/wp\/v2\/users\/7"}],"replies":[{"embeddable":true,"href":"https:\/\/www.spd-werdohl.de\/spd\/wp-json\/wp\/v2\/comments?post=3211"}],"version-history":[{"count":1,"href":"https:\/\/www.spd-werdohl.de\/spd\/wp-json\/wp\/v2\/posts\/3211\/revisions"}],"predecessor-version":[{"id":3213,"href":"https:\/\/www.spd-werdohl.de\/spd\/wp-json\/wp\/v2\/posts\/3211\/revisions\/3213"}],"wp:attachment":[{"href":"https:\/\/www.spd-werdohl.de\/spd\/wp-json\/wp\/v2\/media?parent=3211"}],"wp:term":[{"taxonomy":"category","embeddable":true,"href":"https:\/\/www.spd-werdohl.de\/spd\/wp-json\/wp\/v2\/categories?post=3211"},{"taxonomy":"post_tag","embeddable":true,"href":"https:\/\/www.spd-werdohl.de\/spd\/wp-json\/wp\/v2\/tags?post=3211"}],"curies":[{"name":"wp","href":"https:\/\/api.w.org\/{rel}","templated":true}]}}