{"id":3572,"date":"2016-04-11T19:49:39","date_gmt":"2016-04-11T17:49:39","guid":{"rendered":"http:\/\/www.spd-werdohl.de\/spd\/?p=3572"},"modified":"2016-04-11T19:50:28","modified_gmt":"2016-04-11T17:50:28","slug":"tag-der-rettungskraefte-spd-fraktion-nah-dran","status":"publish","type":"post","link":"https:\/\/www.spd-werdohl.de\/spd\/2016\/04\/11\/tag-der-rettungskraefte-spd-fraktion-nah-dran\/","title":{"rendered":"Tag der Rettungskr\u00e4fte SPD Fraktion -nah dran-"},"content":{"rendered":"<p><img fetchpriority=\"high\" decoding=\"async\" class=\"alignleft size-full wp-image-3570\" src=\"https:\/\/www.spd-werdohl.de\/spd\/wp-content\/uploads\/2016\/04\/033.jpg\" alt=\"033\" width=\"1000\" height=\"562\" srcset=\"https:\/\/www.spd-werdohl.de\/spd\/wp-content\/uploads\/2016\/04\/033.jpg 1000w, https:\/\/www.spd-werdohl.de\/spd\/wp-content\/uploads\/2016\/04\/033-300x169.jpg 300w, https:\/\/www.spd-werdohl.de\/spd\/wp-content\/uploads\/2016\/04\/033-768x432.jpg 768w\" sizes=\"(max-width: 1000px) 100vw, 1000px\" \/><\/p>\n<p>SPD Fraktion \u2013 nah dran &#8211;<\/p>\n<p>An dem &#8222;Tag der Rettungskr\u00e4fte&#8220; in Werdohl nutzten Vertreter der SPD Fraktion die Gelegenheit sich nicht nur \u00fcber die Arbeit der verschiebenden Rettungskr\u00e4fte zu informieren, sondern sie nutzten auch die Gelegenheit in Gespr\u00e4chen zu erfahren wo denn eventuell Handlungsbedarf besteht.<br \/>\nJede B\u00fcrgerin und jeder B\u00fcrger konnte sich von dem wirklich engagierten Einsatz der verschiedenen Organisationen informieren und \u00fcberzeugen.<br \/>\nEin ganz dickes Lob und ein gro\u00dfes Danke an jeden einzelnen \u201eRetter\u201c. Unsere Stadt kann froh sein, \u00fcber so viele engagierte Menschen zu verf\u00fcgen.<\/p>\n<p>&nbsp;<\/p>\n<p><img decoding=\"async\" class=\"alignleft size-full wp-image-3573\" src=\"https:\/\/www.spd-werdohl.de\/spd\/wp-content\/uploads\/2016\/04\/032.jpg\" alt=\"032\" width=\"1000\" height=\"562\" srcset=\"https:\/\/www.spd-werdohl.de\/spd\/wp-content\/uploads\/2016\/04\/032.jpg 1000w, https:\/\/www.spd-werdohl.de\/spd\/wp-content\/uploads\/2016\/04\/032-300x169.jpg 300w, https:\/\/www.spd-werdohl.de\/spd\/wp-content\/uploads\/2016\/04\/032-768x432.jpg 768w\" sizes=\"(max-width: 1000px) 100vw, 1000px\" \/><\/p>\n<p>&nbsp;<\/p>\n","protected":false},"excerpt":{"rendered":"<p>SPD Fraktion \u2013 nah dran &#8211; An dem &#8222;Tag der Rettungskr\u00e4fte&#8220; in Werdohl nutzten Vertreter der SPD Fraktion die Gelegenheit sich nicht nur \u00fcber die Arbeit der verschiebenden Rettungskr\u00e4fte zu informieren, sondern sie nutzten auch die Gelegenheit in Gespr\u00e4chen zu erfahren wo denn eventuell Handlungsbedarf besteht. Jede B\u00fcrgerin und jeder B\u00fcrger konnte sich von dem [&hellip;]<\/p>\n","protected":false},"author":1,"featured_media":0,"comment_status":"closed","ping_status":"closed","sticky":false,"template":"","format":"standard","meta":{"footnotes":""},"categories":[1],"tags":[],"class_list":["post-3572","post","type-post","status-publish","format-standard","hentry","category-allgemeines","entry"],"_links":{"self":[{"href":"https:\/\/www.spd-werdohl.de\/spd\/wp-json\/wp\/v2\/posts\/3572","targetHints":{"allow":["GET"]}}],"collection":[{"href":"https:\/\/www.spd-werdohl.de\/spd\/wp-json\/wp\/v2\/posts"}],"about":[{"href":"https:\/\/www.spd-werdohl.de\/spd\/wp-json\/wp\/v2\/types\/post"}],"author":[{"embeddable":true,"href":"https:\/\/www.spd-werdohl.de\/spd\/wp-json\/wp\/v2\/users\/1"}],"replies":[{"embeddable":true,"href":"https:\/\/www.spd-werdohl.de\/spd\/wp-json\/wp\/v2\/comments?post=3572"}],"version-history":[{"count":1,"href":"https:\/\/www.spd-werdohl.de\/spd\/wp-json\/wp\/v2\/posts\/3572\/revisions"}],"predecessor-version":[{"id":3574,"href":"https:\/\/www.spd-werdohl.de\/spd\/wp-json\/wp\/v2\/posts\/3572\/revisions\/3574"}],"wp:attachment":[{"href":"https:\/\/www.spd-werdohl.de\/spd\/wp-json\/wp\/v2\/media?parent=3572"}],"wp:term":[{"taxonomy":"category","embeddable":true,"href":"https:\/\/www.spd-werdohl.de\/spd\/wp-json\/wp\/v2\/categories?post=3572"},{"taxonomy":"post_tag","embeddable":true,"href":"https:\/\/www.spd-werdohl.de\/spd\/wp-json\/wp\/v2\/tags?post=3572"}],"curies":[{"name":"wp","href":"https:\/\/api.w.org\/{rel}","templated":true}]}}