{"id":3630,"date":"2016-09-06T12:13:00","date_gmt":"2016-09-06T10:13:00","guid":{"rendered":"http:\/\/www.spd-werdohl.de\/spd\/?p=3630"},"modified":"2017-03-23T01:57:51","modified_gmt":"2017-03-22T23:57:51","slug":"60-jahre-tierschutzverein-werdohlneuenrade","status":"publish","type":"post","link":"https:\/\/www.spd-werdohl.de\/spd\/2016\/09\/06\/60-jahre-tierschutzverein-werdohlneuenrade\/","title":{"rendered":"60 Jahre Tierschutzverein Werdohl\/Neuenrade"},"content":{"rendered":"<p style=\"text-align: justify;\">Am vergangenen Sonntag feierte der Tierschutzverein Werdohl\/Neuenrade sein 60-j\u00e4hriges Bestehen. Mit einem Sommerfest in der Tierauffangstation in der Gildestra\u00dfe wurde das Jubil\u00e4um geb\u00fchrend gefeiert. Auch eine kurze &#8222;Schlechtwetterperiode&#8220; konnte die gute Laune nicht verderben.<\/p>\n<p style=\"text-align: justify;\"><img fetchpriority=\"high\" decoding=\"async\" class=\"wp-image-3632 size-medium alignright\" src=\"https:\/\/www.spd-werdohl.de\/spd\/wp-content\/uploads\/2016\/09\/14138737_991497067628305_6388668802794442915_o-300x201.jpg\" alt=\"14138737_991497067628305_6388668802794442915_o\" width=\"300\" height=\"201\" srcset=\"https:\/\/www.spd-werdohl.de\/spd\/wp-content\/uploads\/2016\/09\/14138737_991497067628305_6388668802794442915_o-300x201.jpg 300w, https:\/\/www.spd-werdohl.de\/spd\/wp-content\/uploads\/2016\/09\/14138737_991497067628305_6388668802794442915_o-768x516.jpg 768w, https:\/\/www.spd-werdohl.de\/spd\/wp-content\/uploads\/2016\/09\/14138737_991497067628305_6388668802794442915_o-1024x687.jpg 1024w, https:\/\/www.spd-werdohl.de\/spd\/wp-content\/uploads\/2016\/09\/14138737_991497067628305_6388668802794442915_o-150x100.jpg 150w, https:\/\/www.spd-werdohl.de\/spd\/wp-content\/uploads\/2016\/09\/14138737_991497067628305_6388668802794442915_o-320x213.jpg 320w, https:\/\/www.spd-werdohl.de\/spd\/wp-content\/uploads\/2016\/09\/14138737_991497067628305_6388668802794442915_o.jpg 1086w\" sizes=\"(max-width: 300px) 100vw, 300px\" \/><\/p>\n<p style=\"text-align: justify;\">Die SPD-Bundestagsabgeordnete, Dagmar Freitag, spendete dem Verein diverse Katzenutensilien. Die Landtagsabgeordneten Inge Blask und Michael Scheffler waren ebenfalls zum Jubelfest vor Ort und \u00fcbergaben Futterspenden an den Verein.<\/p>\n<p style=\"text-align: justify;\">Der SPD Ortsverein war durch den Vorsitzenden Andreas Sp\u00e4inghaus und das Fraktionsmitglied Ali Akdeniz vertreten. Beide \u00fcbergaben im Namen des Ortsvereins eine Futterspende.<\/p>\n<p style=\"text-align: justify;\"><img decoding=\"async\" class=\"alignleft wp-image-3635 size-medium\" src=\"https:\/\/www.spd-werdohl.de\/spd\/wp-content\/uploads\/2016\/09\/14264223_1059508324139126_670753545886320720_n-300x225.jpg\" alt=\"14264223_1059508324139126_670753545886320720_n\" width=\"300\" height=\"225\" srcset=\"https:\/\/www.spd-werdohl.de\/spd\/wp-content\/uploads\/2016\/09\/14264223_1059508324139126_670753545886320720_n-300x225.jpg 300w, https:\/\/www.spd-werdohl.de\/spd\/wp-content\/uploads\/2016\/09\/14264223_1059508324139126_670753545886320720_n-768x576.jpg 768w, https:\/\/www.spd-werdohl.de\/spd\/wp-content\/uploads\/2016\/09\/14264223_1059508324139126_670753545886320720_n.jpg 960w\" sizes=\"(max-width: 300px) 100vw, 300px\" \/><\/p>\n<p style=\"text-align: justify;\">Bei guten Gespr\u00e4chen hielt man sich recht lange bei den Tiersch\u00fctzern auf, es war ein gelungenes Jubil\u00e4umsfest.<\/p>\n<p style=\"text-align: justify;\">(Fotos: Tierschutzverein Werdohl\/Neuenrade, Dagmar Freitag privat)<\/p>\n","protected":false},"excerpt":{"rendered":"<p>Am vergangenen Sonntag feierte der Tierschutzverein Werdohl\/Neuenrade sein 60-j\u00e4hriges Bestehen. Mit einem Sommerfest in der Tierauffangstation in der Gildestra\u00dfe wurde das Jubil\u00e4um geb\u00fchrend gefeiert. Auch eine kurze &#8222;Schlechtwetterperiode&#8220; konnte die gute Laune nicht verderben. Die SPD-Bundestagsabgeordnete, Dagmar Freitag, spendete dem Verein diverse Katzenutensilien. Die Landtagsabgeordneten Inge Blask und Michael Scheffler waren ebenfalls zum Jubelfest vor [&hellip;]<\/p>\n","protected":false},"author":7,"featured_media":3631,"comment_status":"closed","ping_status":"closed","sticky":false,"template":"","format":"standard","meta":{"footnotes":""},"categories":[1],"tags":[158,99,94],"class_list":["post-3630","post","type-post","status-publish","format-standard","has-post-thumbnail","hentry","category-allgemeines","tag-andreas-spaeinghaus","tag-dagmar-freitag","tag-michael-scheffler","entry","has-media"],"_links":{"self":[{"href":"https:\/\/www.spd-werdohl.de\/spd\/wp-json\/wp\/v2\/posts\/3630","targetHints":{"allow":["GET"]}}],"collection":[{"href":"https:\/\/www.spd-werdohl.de\/spd\/wp-json\/wp\/v2\/posts"}],"about":[{"href":"https:\/\/www.spd-werdohl.de\/spd\/wp-json\/wp\/v2\/types\/post"}],"author":[{"embeddable":true,"href":"https:\/\/www.spd-werdohl.de\/spd\/wp-json\/wp\/v2\/users\/7"}],"replies":[{"embeddable":true,"href":"https:\/\/www.spd-werdohl.de\/spd\/wp-json\/wp\/v2\/comments?post=3630"}],"version-history":[{"count":7,"href":"https:\/\/www.spd-werdohl.de\/spd\/wp-json\/wp\/v2\/posts\/3630\/revisions"}],"predecessor-version":[{"id":3828,"href":"https:\/\/www.spd-werdohl.de\/spd\/wp-json\/wp\/v2\/posts\/3630\/revisions\/3828"}],"wp:featuredmedia":[{"embeddable":true,"href":"https:\/\/www.spd-werdohl.de\/spd\/wp-json\/wp\/v2\/media\/3631"}],"wp:attachment":[{"href":"https:\/\/www.spd-werdohl.de\/spd\/wp-json\/wp\/v2\/media?parent=3630"}],"wp:term":[{"taxonomy":"category","embeddable":true,"href":"https:\/\/www.spd-werdohl.de\/spd\/wp-json\/wp\/v2\/categories?post=3630"},{"taxonomy":"post_tag","embeddable":true,"href":"https:\/\/www.spd-werdohl.de\/spd\/wp-json\/wp\/v2\/tags?post=3630"}],"curies":[{"name":"wp","href":"https:\/\/api.w.org\/{rel}","templated":true}]}}