{"id":3643,"date":"2016-09-24T20:27:31","date_gmt":"2016-09-24T18:27:31","guid":{"rendered":"http:\/\/www.spd-werdohl.de\/spd\/?p=3643"},"modified":"2017-03-23T01:55:25","modified_gmt":"2017-03-22T23:55:25","slug":"spd-buergerinfo-zu-einzelnen-baumassnahmen-in-der-stadt","status":"publish","type":"post","link":"https:\/\/www.spd-werdohl.de\/spd\/2016\/09\/24\/spd-buergerinfo-zu-einzelnen-baumassnahmen-in-der-stadt\/","title":{"rendered":"SPD B\u00fcrgerinfo zu einzelnen Bauma\u00dfnahmen in der Stadt"},"content":{"rendered":"<p>Wenn der B\u00fcrger nicht in die Ausschusssitzung kommt, dann muss die Politik zum B\u00fcrger kommen. Unter diesem Titel fand am WK Kaufhaus neben dem noch im Umbau befindlichen Br\u00fcninghaus Platz eine Information zum Umbau des Platzes und zur Begr\u00fcnung der Lennespange statt.<\/p>\n<p>Der SPD Ratsherr J\u00fcrgen Henke, gleichzeitig auch Vorsitzender des Ausschusses f\u00fcr Umwelt und Stadtentwicklung, sowie andere SPD Mitglieder des Ausschusses \u00a0informierten und diskutierten mit interessierten B\u00fcrgerinnen und B\u00fcrger \u00fcber die einzelnen Bauprojekte. An Hand von einzelnen Baupl\u00e4nen, sei es der Br\u00fcninghaus Platz, die Stadtspange, der Westpark sowie ein Planspiel zum Kreisverkehr VDM wurden die einzelnen Bauabschnitte sowie weitere Planungen erl\u00e4utert.<\/p>\n<p><img fetchpriority=\"high\" decoding=\"async\" class=\"alignleft wp-image-3645\" src=\"https:\/\/www.spd-werdohl.de\/spd\/wp-content\/uploads\/2016\/09\/021-850x478.jpg\" alt=\"\" width=\"400\" height=\"238\" srcset=\"https:\/\/www.spd-werdohl.de\/spd\/wp-content\/uploads\/2016\/09\/021-768x457.jpg 768w, https:\/\/www.spd-werdohl.de\/spd\/wp-content\/uploads\/2016\/09\/021.jpg 945w\" sizes=\"(max-width: 400px) 100vw, 400px\" \/><\/p>\n<p>Etliche B\u00fcrgerinnen und B\u00fcrger nahmen das Angebot an, lie\u00dfen sich informieren und gaben hier und da auch noch einige Anregungen. Zwar sind alle diese Pl\u00e4ne in den \u00f6ffentlichen Ausschusssitzungen und in der Lokalpresse, sowie der Homepage der Stadt Werdohl vorgestellt worden, aber es ist besser wenn man direkt dazu Fragen stellen kann.<\/p>\n<p>Diese Art der Veranstaltung wird schon zum zweiten Mal durchgef\u00fchrt und wie man gesehen hat, ist das Interesse bei den B\u00fcrgern vorhanden. Die SPD Werdohl wird auch weiterhin diese Art von B\u00fcrgerinformation fortsetzen.<\/p>\n<p>&nbsp;<\/p>\n","protected":false},"excerpt":{"rendered":"<p>Wenn der B\u00fcrger nicht in die Ausschusssitzung kommt, dann muss die Politik zum B\u00fcrger kommen. Unter diesem Titel fand am WK Kaufhaus neben dem noch im Umbau befindlichen Br\u00fcninghaus Platz eine Information zum Umbau des Platzes und zur Begr\u00fcnung der Lennespange statt. Der SPD Ratsherr J\u00fcrgen Henke, gleichzeitig auch Vorsitzender des Ausschusses f\u00fcr Umwelt und [&hellip;]<\/p>\n","protected":false},"author":17,"featured_media":3644,"comment_status":"closed","ping_status":"closed","sticky":false,"template":"","format":"standard","meta":{"footnotes":""},"categories":[1,5,19,52,3,11],"tags":[147,203],"class_list":["post-3643","post","type-post","status-publish","format-standard","has-post-thumbnail","hentry","category-allgemeines","category-fraktion-im-werdohler-stadtrat","category-stadtmitte","category-termine","category-veranstaltungen-der-partei","category-werdohl","tag-bruninghausplatz","tag-kreisverkehr","entry","has-media"],"_links":{"self":[{"href":"https:\/\/www.spd-werdohl.de\/spd\/wp-json\/wp\/v2\/posts\/3643","targetHints":{"allow":["GET"]}}],"collection":[{"href":"https:\/\/www.spd-werdohl.de\/spd\/wp-json\/wp\/v2\/posts"}],"about":[{"href":"https:\/\/www.spd-werdohl.de\/spd\/wp-json\/wp\/v2\/types\/post"}],"author":[{"embeddable":true,"href":"https:\/\/www.spd-werdohl.de\/spd\/wp-json\/wp\/v2\/users\/17"}],"replies":[{"embeddable":true,"href":"https:\/\/www.spd-werdohl.de\/spd\/wp-json\/wp\/v2\/comments?post=3643"}],"version-history":[{"count":4,"href":"https:\/\/www.spd-werdohl.de\/spd\/wp-json\/wp\/v2\/posts\/3643\/revisions"}],"predecessor-version":[{"id":3826,"href":"https:\/\/www.spd-werdohl.de\/spd\/wp-json\/wp\/v2\/posts\/3643\/revisions\/3826"}],"wp:featuredmedia":[{"embeddable":true,"href":"https:\/\/www.spd-werdohl.de\/spd\/wp-json\/wp\/v2\/media\/3644"}],"wp:attachment":[{"href":"https:\/\/www.spd-werdohl.de\/spd\/wp-json\/wp\/v2\/media?parent=3643"}],"wp:term":[{"taxonomy":"category","embeddable":true,"href":"https:\/\/www.spd-werdohl.de\/spd\/wp-json\/wp\/v2\/categories?post=3643"},{"taxonomy":"post_tag","embeddable":true,"href":"https:\/\/www.spd-werdohl.de\/spd\/wp-json\/wp\/v2\/tags?post=3643"}],"curies":[{"name":"wp","href":"https:\/\/api.w.org\/{rel}","templated":true}]}}