{"id":3662,"date":"2016-10-19T20:34:05","date_gmt":"2016-10-19T18:34:05","guid":{"rendered":"http:\/\/www.spd-werdohl.de\/spd\/?p=3662"},"modified":"2017-03-23T01:43:46","modified_gmt":"2017-03-22T23:43:46","slug":"spd-besucht-die-neue-geriatrie-station-unterstuetzung-der-stadtklinik","status":"publish","type":"post","link":"https:\/\/www.spd-werdohl.de\/spd\/2016\/10\/19\/spd-besucht-die-neue-geriatrie-station-unterstuetzung-der-stadtklinik\/","title":{"rendered":"SPD besucht die neue Geriatrie Station \u2013Unterst\u00fctzung der Stadtklinik"},"content":{"rendered":"<p>Am 18.10.2016 empfing Frau Lehnert (Leiterin der Klinik) die SPD-Fraktion, die vom Landtagsabgeordneten Michael Scheffler begleitet wurde, in der Stadtklinik Werdohl. Die neue Geriatrische Abteilung war das angestrebte Ziel.<\/p>\n<p>Frau Dr. Magdalene Aniol erl\u00e4uterte das therapeutische Konzept der Abteilung. Im interdisziplin\u00e4ren Team betreuen \u00c4rzte, Pflegepersonal sowie die unterschiedlichen Therapeuten (Physio- und\/oder\u00a0 Ergotherapeut und z.B. Logop\u00e4de) die Patienten. Behandelt werden dort schwerpunktm\u00e4\u00dfig multimorbide, \u00fcber 70j\u00e4hrige Menschen mit Behandlungsbed\u00fcrftigen Bewegungseinschr\u00e4nkungen. Aktuell ist die neue Abteilung komplett belegt. Unter F\u00fchrung von Frau Lehnert konnten markante R\u00e4umlichkeiten besichtigt werden, die in ihrer Ausgestaltung nicht unbedingt an ein Krankenhaus denken lie\u00dfen. Eine Patientin erm\u00f6glichte es sogar, dass man sich auch ein Patientenzimmer ansehen konnte.<\/p>\n<p>Die den Besuch begleitende Diskussionsrunde nutzte Michael Scheffler dazu landespolitische \u00dcberlegungen zur Entwicklung der geriatrischen Versorgung in NRW kundzutun. Dr. Kehe, Gesch\u00e4ftsf\u00fchrer der M\u00e4rkischen Gesundheitsholding, nutzte die Gelegenheit, um den Anwesenden die Bedeutung der Geriatrie als langfristig den Klinikstandort sichernden Ma\u00dfnahme zu verdeutlichen. Gleichzeitig bedankte er sich f\u00fcr die Unterst\u00fctzung der Stadtklinik durch die Werdohler SPD Fraktion. Aufgrund des vermehrten Patientenzustroms interessierte die Fraktionsmitglieder, die weitere Entwicklung der Parkraumsituation. Hierzu f\u00fchrte Dr. Kehe aus, dass intensive Gespr\u00e4che bzgl. der Schaffung weiterer Parkm\u00f6glichkeiten in unmittelbarer N\u00e4he der Klinik gef\u00fchrt werden.<\/p>\n<p>&nbsp;<\/p>\n","protected":false},"excerpt":{"rendered":"<p>Am 18.10.2016 empfing Frau Lehnert (Leiterin der Klinik) die SPD-Fraktion, die vom Landtagsabgeordneten Michael Scheffler begleitet wurde, in der Stadtklinik Werdohl. Die neue Geriatrische Abteilung war das angestrebte Ziel. Frau Dr. Magdalene Aniol erl\u00e4uterte das therapeutische Konzept der Abteilung. Im interdisziplin\u00e4ren Team betreuen \u00c4rzte, Pflegepersonal sowie die unterschiedlichen Therapeuten (Physio- und\/oder\u00a0 Ergotherapeut und z.B. Logop\u00e4de) [&hellip;]<\/p>\n","protected":false},"author":17,"featured_media":3663,"comment_status":"closed","ping_status":"closed","sticky":false,"template":"","format":"standard","meta":{"footnotes":""},"categories":[1,5,47,19,52,3,11],"tags":[200,40,94,43],"class_list":["post-3662","post","type-post","status-publish","format-standard","has-post-thumbnail","hentry","category-allgemeines","category-fraktion-im-werdohler-stadtrat","category-partei","category-stadtmitte","category-termine","category-veranstaltungen-der-partei","category-werdohl","tag-geriatrie","tag-krankenhaus","tag-michael-scheffler","tag-stadtklinik","entry","has-media"],"_links":{"self":[{"href":"https:\/\/www.spd-werdohl.de\/spd\/wp-json\/wp\/v2\/posts\/3662","targetHints":{"allow":["GET"]}}],"collection":[{"href":"https:\/\/www.spd-werdohl.de\/spd\/wp-json\/wp\/v2\/posts"}],"about":[{"href":"https:\/\/www.spd-werdohl.de\/spd\/wp-json\/wp\/v2\/types\/post"}],"author":[{"embeddable":true,"href":"https:\/\/www.spd-werdohl.de\/spd\/wp-json\/wp\/v2\/users\/17"}],"replies":[{"embeddable":true,"href":"https:\/\/www.spd-werdohl.de\/spd\/wp-json\/wp\/v2\/comments?post=3662"}],"version-history":[{"count":4,"href":"https:\/\/www.spd-werdohl.de\/spd\/wp-json\/wp\/v2\/posts\/3662\/revisions"}],"predecessor-version":[{"id":3818,"href":"https:\/\/www.spd-werdohl.de\/spd\/wp-json\/wp\/v2\/posts\/3662\/revisions\/3818"}],"wp:featuredmedia":[{"embeddable":true,"href":"https:\/\/www.spd-werdohl.de\/spd\/wp-json\/wp\/v2\/media\/3663"}],"wp:attachment":[{"href":"https:\/\/www.spd-werdohl.de\/spd\/wp-json\/wp\/v2\/media?parent=3662"}],"wp:term":[{"taxonomy":"category","embeddable":true,"href":"https:\/\/www.spd-werdohl.de\/spd\/wp-json\/wp\/v2\/categories?post=3662"},{"taxonomy":"post_tag","embeddable":true,"href":"https:\/\/www.spd-werdohl.de\/spd\/wp-json\/wp\/v2\/tags?post=3662"}],"curies":[{"name":"wp","href":"https:\/\/api.w.org\/{rel}","templated":true}]}}