{"id":4488,"date":"2019-08-27T13:05:14","date_gmt":"2019-08-27T11:05:14","guid":{"rendered":"http:\/\/www.spd-werdohl.de\/spd\/?p=4488"},"modified":"2019-08-28T07:22:20","modified_gmt":"2019-08-28T05:22:20","slug":"spd-unterstuetzt-internationales-schwimmfest-in-werdohl","status":"publish","type":"post","link":"https:\/\/www.spd-werdohl.de\/spd\/2019\/08\/27\/spd-unterstuetzt-internationales-schwimmfest-in-werdohl\/","title":{"rendered":"SPD unterst\u00fctzt \u201eInternationales Schwimmfest\u201c in Werdohl"},"content":{"rendered":"\n<p> Als Dauereinrichtung\u00a0ist bei den Infost\u00e4nden w\u00e4hrend eines Wahlkampfes der kostenlose Kaffee- und Waffelstand der Werdohler SPD. <\/p>\n\n\n\n<p>Viele Werdohlerinnen und Werdohler lassen es sich aber nicht nehmen, nach einem Besuch des Wahlstands, Geld f\u00fcr Kaffee oder Waffeln in das bereitgestellte Sparschwein zu stecken. Wissen sie doch, dass der Ortsverein das gespendete Geld immer einen guten Zweck im Kinder- und Jugendbereich zukommen l\u00e4sst. <\/p>\n\n\n\n<p>So auch geschehen anl\u00e4sslich des diesj\u00e4hrigen Europawahlkampfes. Das gespendete Geld sollte diesmal anl\u00e4sslich des \u201eInternationalen Schwimmfestes 2019\u201c dem SV 08 Werdohl zur Verf\u00fcgung gestellt werden. <\/p>\n\n\n\n<p>In einem Gespr\u00e4ch beim letzten Schwimmfest 2018 kam man mit den Veranstaltern ins Gespr\u00e4ch und erfuhr welche Kosten f\u00fcr die Organisation einer solchen Veranstaltung beim Schwimmverein anfallen. F\u00fcr die Werdohler SPD war schnell klar, dass die Spenden aus dem Europawahlkampf gut  zu einem \u201eInternationalen Schwimmfest\u201c passen. <\/p>\n\n\n\n<p>So konnte die Werdohler SPD nun 300 Euro an den Schwimmverein 08 \u00fcbergeben. <\/p>\n\n\n\n<p>Das Geld wird sachbezogen f\u00fcr vermeintliche Kleinigkeiten wie Toilettenartikel, Druckerpatronen und stabiles Papier f\u00fcr die Sieger-Urkunden verwendet um somit die Vereinskasse ein klein wenig zu entlasten. <\/p>\n\n\n\n<p>Die Werdohler SPD bedankt sich beim SV 08 f\u00fcr die gro\u00dfartige Organisation dieser Werdohler Traditionsveranstaltung und w\u00fcnscht f\u00fcr das kommende Schwimmfest ein gutes Gelingen. <\/p>\n\n\n\n<p><\/p>\n\n\n\n<p>Bild:  \u00dcbergabe des Schecks an den SV08 &#8211; SV Bild \u2013 M. Koll <\/p>\n","protected":false},"excerpt":{"rendered":"<p>Als Dauereinrichtung\u00a0ist bei den Infost\u00e4nden w\u00e4hrend eines Wahlkampfes der kostenlose Kaffee- und Waffelstand der Werdohler SPD. Viele Werdohlerinnen und Werdohler lassen es sich aber nicht nehmen, nach einem Besuch des Wahlstands, Geld f\u00fcr Kaffee oder Waffeln in das bereitgestellte Sparschwein zu stecken. Wissen sie doch, dass der Ortsverein das gespendete Geld immer einen guten Zweck [&hellip;]<\/p>\n","protected":false},"author":17,"featured_media":4489,"comment_status":"closed","ping_status":"closed","sticky":false,"template":"","format":"standard","meta":{"footnotes":""},"categories":[1],"tags":[],"class_list":["post-4488","post","type-post","status-publish","format-standard","has-post-thumbnail","hentry","category-allgemeines","entry","has-media"],"_links":{"self":[{"href":"https:\/\/www.spd-werdohl.de\/spd\/wp-json\/wp\/v2\/posts\/4488","targetHints":{"allow":["GET"]}}],"collection":[{"href":"https:\/\/www.spd-werdohl.de\/spd\/wp-json\/wp\/v2\/posts"}],"about":[{"href":"https:\/\/www.spd-werdohl.de\/spd\/wp-json\/wp\/v2\/types\/post"}],"author":[{"embeddable":true,"href":"https:\/\/www.spd-werdohl.de\/spd\/wp-json\/wp\/v2\/users\/17"}],"replies":[{"embeddable":true,"href":"https:\/\/www.spd-werdohl.de\/spd\/wp-json\/wp\/v2\/comments?post=4488"}],"version-history":[{"count":3,"href":"https:\/\/www.spd-werdohl.de\/spd\/wp-json\/wp\/v2\/posts\/4488\/revisions"}],"predecessor-version":[{"id":4492,"href":"https:\/\/www.spd-werdohl.de\/spd\/wp-json\/wp\/v2\/posts\/4488\/revisions\/4492"}],"wp:featuredmedia":[{"embeddable":true,"href":"https:\/\/www.spd-werdohl.de\/spd\/wp-json\/wp\/v2\/media\/4489"}],"wp:attachment":[{"href":"https:\/\/www.spd-werdohl.de\/spd\/wp-json\/wp\/v2\/media?parent=4488"}],"wp:term":[{"taxonomy":"category","embeddable":true,"href":"https:\/\/www.spd-werdohl.de\/spd\/wp-json\/wp\/v2\/categories?post=4488"},{"taxonomy":"post_tag","embeddable":true,"href":"https:\/\/www.spd-werdohl.de\/spd\/wp-json\/wp\/v2\/tags?post=4488"}],"curies":[{"name":"wp","href":"https:\/\/api.w.org\/{rel}","templated":true}]}}