{"id":4518,"date":"2019-10-30T11:20:18","date_gmt":"2019-10-30T09:20:18","guid":{"rendered":"http:\/\/www.spd-werdohl.de\/spd\/?p=4518"},"modified":"2019-11-06T22:42:29","modified_gmt":"2019-11-06T20:42:29","slug":"spd-landratskandidat-volker-schmidt-stellt-sich-vor","status":"publish","type":"post","link":"https:\/\/www.spd-werdohl.de\/spd\/2019\/10\/30\/spd-landratskandidat-volker-schmidt-stellt-sich-vor\/","title":{"rendered":"SPD Landratskandidat Volker Schmidt stellt sich vor"},"content":{"rendered":"\n<p>Auf einer Mitgliederversammlung der Werdohler Sozialdemokraten stellte sich der vom Unterbezirksvorstand einstimmig nominierte Landratskandidat den Mitgliedern vor. Neben seinem Bericht \u00fcber seine berufliche und politische Laufbahn, kamen auch Themen zur Sprache die f\u00fcr Werdohl relevant sind. <\/p>\n\n\n\n<p>Eins der Hauptthemen waren die Stadtklinik Werdohl wie auch die Versorgung der Industriegebiete mit der Breitbandversorgung. W\u00e4hrend einer interessanten Diskussion merkte man schnell, dass Volker Schmidt wei\u00df wovon er spricht. Schlie\u00dflich ist er schon Jahrzehnte in der Kreisverwaltung t\u00e4tig und kennt den \u201eLaden\u201c in und auswendig. <\/p>\n\n\n\n<p>Die Teilnehmer der Mitgliederversammlung erlebten einen engagierten mit sehr viel Fachwissen ausgestatteten Landratskandidaten. Es ist genau das, was uns an der Kreisspitze fehlt. <\/p>\n\n\n\n<p>Die SPD Werdohl sicherte dem Landratskandidaten die vollste Unterst\u00fctzung im Wahlkampf zu und weitere Einladungen werden mit Sicherheit folgen.  <\/p>\n\n\n\n<p>SV-Bild. M.Koll mit freundlicher Genehmigung. <\/p>\n","protected":false},"excerpt":{"rendered":"<p>Auf einer Mitgliederversammlung der Werdohler Sozialdemokraten stellte sich der vom Unterbezirksvorstand einstimmig nominierte Landratskandidat den Mitgliedern vor. Neben seinem Bericht \u00fcber seine berufliche und politische Laufbahn, kamen auch Themen zur Sprache die f\u00fcr Werdohl relevant sind. Eins der Hauptthemen waren die Stadtklinik Werdohl wie auch die Versorgung der Industriegebiete mit der Breitbandversorgung. W\u00e4hrend einer interessanten [&hellip;]<\/p>\n","protected":false},"author":17,"featured_media":4519,"comment_status":"closed","ping_status":"closed","sticky":false,"template":"","format":"standard","meta":{"footnotes":""},"categories":[1,37,114,52,3,48,11],"tags":[216],"class_list":["post-4518","post","type-post","status-publish","format-standard","has-post-thumbnail","hentry","category-allgemeines","category-kreistag","category-markischer-kreis","category-termine","category-veranstaltungen-der-partei","category-wahlen","category-werdohl","tag-volker-schmidt","entry","has-media"],"_links":{"self":[{"href":"https:\/\/www.spd-werdohl.de\/spd\/wp-json\/wp\/v2\/posts\/4518","targetHints":{"allow":["GET"]}}],"collection":[{"href":"https:\/\/www.spd-werdohl.de\/spd\/wp-json\/wp\/v2\/posts"}],"about":[{"href":"https:\/\/www.spd-werdohl.de\/spd\/wp-json\/wp\/v2\/types\/post"}],"author":[{"embeddable":true,"href":"https:\/\/www.spd-werdohl.de\/spd\/wp-json\/wp\/v2\/users\/17"}],"replies":[{"embeddable":true,"href":"https:\/\/www.spd-werdohl.de\/spd\/wp-json\/wp\/v2\/comments?post=4518"}],"version-history":[{"count":1,"href":"https:\/\/www.spd-werdohl.de\/spd\/wp-json\/wp\/v2\/posts\/4518\/revisions"}],"predecessor-version":[{"id":4520,"href":"https:\/\/www.spd-werdohl.de\/spd\/wp-json\/wp\/v2\/posts\/4518\/revisions\/4520"}],"wp:featuredmedia":[{"embeddable":true,"href":"https:\/\/www.spd-werdohl.de\/spd\/wp-json\/wp\/v2\/media\/4519"}],"wp:attachment":[{"href":"https:\/\/www.spd-werdohl.de\/spd\/wp-json\/wp\/v2\/media?parent=4518"}],"wp:term":[{"taxonomy":"category","embeddable":true,"href":"https:\/\/www.spd-werdohl.de\/spd\/wp-json\/wp\/v2\/categories?post=4518"},{"taxonomy":"post_tag","embeddable":true,"href":"https:\/\/www.spd-werdohl.de\/spd\/wp-json\/wp\/v2\/tags?post=4518"}],"curies":[{"name":"wp","href":"https:\/\/api.w.org\/{rel}","templated":true}]}}