{"id":4530,"date":"2019-11-06T09:33:02","date_gmt":"2019-11-06T07:33:02","guid":{"rendered":"http:\/\/www.spd-werdohl.de\/spd\/?p=4530"},"modified":"2019-11-06T22:47:34","modified_gmt":"2019-11-06T20:47:34","slug":"antrag-zum-haushalt-2020-oeffentliche-gruen-und-landschaftspflege","status":"publish","type":"post","link":"https:\/\/www.spd-werdohl.de\/spd\/2019\/11\/06\/antrag-zum-haushalt-2020-oeffentliche-gruen-und-landschaftspflege\/","title":{"rendered":"Antrag zum Haushalt 2020 \u00d6ffentliche Gr\u00fcn- und Landschaftspflege"},"content":{"rendered":"\n<p>Die SPD-Fraktion beantragt auf die Bereitstellung der 100.000 \u20ac f\u00fcr die Aufwertung des Lenneufers g\u00e4nzlich zu verzichten. <\/p>\n\n\n\n<p>Begr\u00fcndung: <\/p>\n\n\n\n<p>Auch hier gilt als 1. Begr\u00fcndung die angespannte Haushaltslage f\u00fcr das Jahr 2020 mit den durch die K\u00e4mmerin bei der Haushaltseinbringung eingebrachten Argumenten.  Die K\u00e4mmerei muss bitte auch \u00fcberpr\u00fcfen, ob die Ausgabe aus haushaltsrechtlichen und haushaltstechnischen Gr\u00fcnden so \u00fcberhaupt eingestellt werden darf.  Es sollte au\u00dferdem abgewartet werden bis der durchg\u00e4ngige Radweg fertiggestellt ist. <\/p>\n\n\n\n<p>Zur Zeit sehen wir bei der nicht vorhandenen Infrastruktur keinerlei wirtschaftliche Grundlage f\u00fcr einen evtl. Investor.  Seit nunmehr 5 Jahren wird versucht  dort etwas zu etablieren. Viele Ideen sind  entwickelt, aber doch wieder verworfen worden.  Auch sollten wir die weitere Entwicklung der Lenneschiene 2.0 abwarten bzw. auf Erkenntnisse aus dem demn\u00e4chst beauftragten \u201eStadtentwicklungskonzept\u201c hoffen um diese Angelegenheit weiter zu befl\u00fcgeln.  Jetzt auf Biegen und Brechen dort etwas zu etablieren halten wir f\u00fcr falsch.  <\/p>\n","protected":false},"excerpt":{"rendered":"<p>Die SPD-Fraktion beantragt auf die Bereitstellung der 100.000 \u20ac f\u00fcr die Aufwertung des Lenneufers g\u00e4nzlich zu verzichten. Begr\u00fcndung: Auch hier gilt als 1. Begr\u00fcndung die angespannte Haushaltslage f\u00fcr das Jahr 2020 mit den durch die K\u00e4mmerin bei der Haushaltseinbringung eingebrachten Argumenten. Die K\u00e4mmerei muss bitte auch \u00fcberpr\u00fcfen, ob die Ausgabe aus haushaltsrechtlichen und haushaltstechnischen Gr\u00fcnden [&hellip;]<\/p>\n","protected":false},"author":17,"featured_media":4531,"comment_status":"closed","ping_status":"closed","sticky":false,"template":"","format":"standard","meta":{"footnotes":""},"categories":[1,5,19,11],"tags":[222,104,223],"class_list":["post-4530","post","type-post","status-publish","format-standard","has-post-thumbnail","hentry","category-allgemeines","category-fraktion-im-werdohler-stadtrat","category-stadtmitte","category-werdohl","tag-haushalt-2020","tag-radwege","tag-stadtentwicklungskonzept","entry","has-media"],"_links":{"self":[{"href":"https:\/\/www.spd-werdohl.de\/spd\/wp-json\/wp\/v2\/posts\/4530","targetHints":{"allow":["GET"]}}],"collection":[{"href":"https:\/\/www.spd-werdohl.de\/spd\/wp-json\/wp\/v2\/posts"}],"about":[{"href":"https:\/\/www.spd-werdohl.de\/spd\/wp-json\/wp\/v2\/types\/post"}],"author":[{"embeddable":true,"href":"https:\/\/www.spd-werdohl.de\/spd\/wp-json\/wp\/v2\/users\/17"}],"replies":[{"embeddable":true,"href":"https:\/\/www.spd-werdohl.de\/spd\/wp-json\/wp\/v2\/comments?post=4530"}],"version-history":[{"count":1,"href":"https:\/\/www.spd-werdohl.de\/spd\/wp-json\/wp\/v2\/posts\/4530\/revisions"}],"predecessor-version":[{"id":4532,"href":"https:\/\/www.spd-werdohl.de\/spd\/wp-json\/wp\/v2\/posts\/4530\/revisions\/4532"}],"wp:featuredmedia":[{"embeddable":true,"href":"https:\/\/www.spd-werdohl.de\/spd\/wp-json\/wp\/v2\/media\/4531"}],"wp:attachment":[{"href":"https:\/\/www.spd-werdohl.de\/spd\/wp-json\/wp\/v2\/media?parent=4530"}],"wp:term":[{"taxonomy":"category","embeddable":true,"href":"https:\/\/www.spd-werdohl.de\/spd\/wp-json\/wp\/v2\/categories?post=4530"},{"taxonomy":"post_tag","embeddable":true,"href":"https:\/\/www.spd-werdohl.de\/spd\/wp-json\/wp\/v2\/tags?post=4530"}],"curies":[{"name":"wp","href":"https:\/\/api.w.org\/{rel}","templated":true}]}}