{"id":4533,"date":"2019-11-06T09:36:39","date_gmt":"2019-11-06T07:36:39","guid":{"rendered":"http:\/\/www.spd-werdohl.de\/spd\/?p=4533"},"modified":"2019-11-06T22:45:27","modified_gmt":"2019-11-06T20:45:27","slug":"antrag-zum-haushalt-2020-staedtebauliche-entwicklung","status":"publish","type":"post","link":"https:\/\/www.spd-werdohl.de\/spd\/2019\/11\/06\/antrag-zum-haushalt-2020-staedtebauliche-entwicklung\/","title":{"rendered":"Antrag zum Haushalt 2020: St\u00e4dtebauliche Entwicklung"},"content":{"rendered":"\n<p>Die SPD-Fraktion beantragt den sofortigen Ausstieg aus dem Projekt Industriegebiet Rosmart 2.0. <\/p>\n\n\n\n<p>Begr\u00fcndung: <\/p>\n\n\n\n<p><strong>Werdohl w\u00fcrde die kleinste Fl\u00e4che zur Verf\u00fcgung stellen, aber den gr\u00f6\u00dften Raubbau mit der Natur erleben.<\/strong> Die Werdohler Fl\u00e4che m\u00fcsste kpl. umgestaltet werden, was ein nicht zu verantwortender Eingriff in die Natur w\u00e4re. Der Fl\u00e4chenverbrauch steht in keinem Verh\u00e4ltnis zum Aufwand und zum Ertrag. <\/p>\n\n\n\n<p>Der schwere Eingriff in die Natur w\u00e4re f\u00fcr lange Jahre als eine \u201eoffene Wunde\u201c sichtbar und w\u00fcrde die Natur nachhaltig negativ ver\u00e4ndern. Die SPD-Fraktion hat mehrheitlich im USTEA und Rat ausdr\u00fccklich nur der Beauftragung eines Umweltgutachtens zugestimmt.  Dieses Gutachten muss nicht mehr abgewartet werden! Die angestrebte Erschlie\u00dfungsma\u00dfnahme und der damit verbundene Fl\u00e4chenverbrauch stehen im krassen Widerspruch zu den Bem\u00fchungen um ein besseres Klima und eine bessere Umwelt. Werdohler Firmen d\u00fcrften kaum bzw. minimal davon profitieren.  Viele Gespr\u00e4che, Besuche bei der B\u00fcrgerinitiative und private Wanderungen und Spazierg\u00e4nge haben das Meinungsbild der SPD-Fraktion gepr\u00e4gt und zu diesem Antrag gef\u00fchrt. <\/p>\n\n\n\n<p>Aufgrund der nachhaltig negativ pr\u00e4genden \u201eWunde-Industriegebiet\u201c appelliert die Werdohler SPD-Fraktion an die St\u00e4dte L\u00fcdenscheid und Altena sich ebenfalls aus den Planungen zum Industriegebiet Rosmart 2.0 zur\u00fcckzuziehen. <\/p>\n","protected":false},"excerpt":{"rendered":"<p>Die SPD-Fraktion beantragt den sofortigen Ausstieg aus dem Projekt Industriegebiet Rosmart 2.0. Begr\u00fcndung: Werdohl w\u00fcrde die kleinste Fl\u00e4che zur Verf\u00fcgung stellen, aber den gr\u00f6\u00dften Raubbau mit der Natur erleben. Die Werdohler Fl\u00e4che m\u00fcsste kpl. umgestaltet werden, was ein nicht zu verantwortender Eingriff in die Natur w\u00e4re. Der Fl\u00e4chenverbrauch steht in keinem Verh\u00e4ltnis zum Aufwand und [&hellip;]<\/p>\n","protected":false},"author":17,"featured_media":4534,"comment_status":"closed","ping_status":"closed","sticky":false,"template":"","format":"standard","meta":{"footnotes":""},"categories":[1,5,114,11],"tags":[219,220,217,218],"class_list":["post-4533","post","type-post","status-publish","format-standard","has-post-thumbnail","hentry","category-allgemeines","category-fraktion-im-werdohler-stadtrat","category-markischer-kreis","category-werdohl","tag-buergerinitiative","tag-haushalt2020","tag-rosmart","tag-rosmart2-0","entry","has-media"],"_links":{"self":[{"href":"https:\/\/www.spd-werdohl.de\/spd\/wp-json\/wp\/v2\/posts\/4533","targetHints":{"allow":["GET"]}}],"collection":[{"href":"https:\/\/www.spd-werdohl.de\/spd\/wp-json\/wp\/v2\/posts"}],"about":[{"href":"https:\/\/www.spd-werdohl.de\/spd\/wp-json\/wp\/v2\/types\/post"}],"author":[{"embeddable":true,"href":"https:\/\/www.spd-werdohl.de\/spd\/wp-json\/wp\/v2\/users\/17"}],"replies":[{"embeddable":true,"href":"https:\/\/www.spd-werdohl.de\/spd\/wp-json\/wp\/v2\/comments?post=4533"}],"version-history":[{"count":1,"href":"https:\/\/www.spd-werdohl.de\/spd\/wp-json\/wp\/v2\/posts\/4533\/revisions"}],"predecessor-version":[{"id":4535,"href":"https:\/\/www.spd-werdohl.de\/spd\/wp-json\/wp\/v2\/posts\/4533\/revisions\/4535"}],"wp:featuredmedia":[{"embeddable":true,"href":"https:\/\/www.spd-werdohl.de\/spd\/wp-json\/wp\/v2\/media\/4534"}],"wp:attachment":[{"href":"https:\/\/www.spd-werdohl.de\/spd\/wp-json\/wp\/v2\/media?parent=4533"}],"wp:term":[{"taxonomy":"category","embeddable":true,"href":"https:\/\/www.spd-werdohl.de\/spd\/wp-json\/wp\/v2\/categories?post=4533"},{"taxonomy":"post_tag","embeddable":true,"href":"https:\/\/www.spd-werdohl.de\/spd\/wp-json\/wp\/v2\/tags?post=4533"}],"curies":[{"name":"wp","href":"https:\/\/api.w.org\/{rel}","templated":true}]}}