{"id":4905,"date":"2020-06-11T16:35:00","date_gmt":"2020-06-11T14:35:00","guid":{"rendered":"http:\/\/www.spd-werdohl.de\/spd\/?p=4905"},"modified":"2020-09-17T02:28:16","modified_gmt":"2020-09-17T00:28:16","slug":"projekt-kinderfeuerwehr-startet-im-september","status":"publish","type":"post","link":"https:\/\/www.spd-werdohl.de\/spd\/2020\/06\/11\/projekt-kinderfeuerwehr-startet-im-september\/","title":{"rendered":"Projekt Kinderfeuerwehr startet im September."},"content":{"rendered":"\n<p>Alexander Butzelar von der Werdohler Freiwilligen Feuerwehr beginnt mit mehr als 30 Kindern. Das ist ein gro\u00dfartiger Erfolg. Es geht bei der Ausbildung nicht nur um die Feuerwehr, sondern auch um soziale Aspekte. Die Kinderfeuerwehr wird ab dem 12. September im Schulungsraum der Feuerwehr in Kleinhammer die Ausbildung beginnen.<\/p>\n\n\n\n<p>Es liegen zahlreiche Anmeldungen vor und wenn dann sp\u00e4ter viele der Kinder dabeibleiben, braucht es einen um die Werdohler Feuerwehr nicht bange zu sein.<\/p>\n\n\n\n<p>Der B\u00fcrgermeisterkandidat Andreas Sp\u00e4inghaus hat gemeinsam mit Marion Gierse, Udo B\u00f6hme und Bj\u00f6rn Walocha einen Scheck \u00fcber 300 Euro symbolisch \u00fcbergeben. \u00dcber die Starthilfe-Spende hat sich Kai Tebr\u00fcn und Alexander Butzelar sehr gefreut.<\/p>\n\n\n\n<p>Wir w\u00fcnschen dem Start der Kinderfeuerwehr viel Erfolg.<\/p>\n\n\n\n<p>SV-Bild: M.Koll mit freundlicher Genehmigung<\/p>\n","protected":false},"excerpt":{"rendered":"<p>Alexander Butzelar von der Werdohler Freiwilligen Feuerwehr beginnt mit mehr als 30 Kindern. Das ist ein gro\u00dfartiger Erfolg. Es geht bei der Ausbildung nicht nur um die Feuerwehr, sondern auch um soziale Aspekte. Die Kinderfeuerwehr wird ab dem 12. September im Schulungsraum der Feuerwehr in Kleinhammer die Ausbildung beginnen. Es liegen zahlreiche Anmeldungen vor und [&hellip;]<\/p>\n","protected":false},"author":17,"featured_media":4906,"comment_status":"closed","ping_status":"closed","sticky":false,"template":"","format":"standard","meta":{"footnotes":""},"categories":[1,11],"tags":[],"class_list":["post-4905","post","type-post","status-publish","format-standard","has-post-thumbnail","hentry","category-allgemeines","category-werdohl","entry","has-media"],"_links":{"self":[{"href":"https:\/\/www.spd-werdohl.de\/spd\/wp-json\/wp\/v2\/posts\/4905","targetHints":{"allow":["GET"]}}],"collection":[{"href":"https:\/\/www.spd-werdohl.de\/spd\/wp-json\/wp\/v2\/posts"}],"about":[{"href":"https:\/\/www.spd-werdohl.de\/spd\/wp-json\/wp\/v2\/types\/post"}],"author":[{"embeddable":true,"href":"https:\/\/www.spd-werdohl.de\/spd\/wp-json\/wp\/v2\/users\/17"}],"replies":[{"embeddable":true,"href":"https:\/\/www.spd-werdohl.de\/spd\/wp-json\/wp\/v2\/comments?post=4905"}],"version-history":[{"count":1,"href":"https:\/\/www.spd-werdohl.de\/spd\/wp-json\/wp\/v2\/posts\/4905\/revisions"}],"predecessor-version":[{"id":4907,"href":"https:\/\/www.spd-werdohl.de\/spd\/wp-json\/wp\/v2\/posts\/4905\/revisions\/4907"}],"wp:featuredmedia":[{"embeddable":true,"href":"https:\/\/www.spd-werdohl.de\/spd\/wp-json\/wp\/v2\/media\/4906"}],"wp:attachment":[{"href":"https:\/\/www.spd-werdohl.de\/spd\/wp-json\/wp\/v2\/media?parent=4905"}],"wp:term":[{"taxonomy":"category","embeddable":true,"href":"https:\/\/www.spd-werdohl.de\/spd\/wp-json\/wp\/v2\/categories?post=4905"},{"taxonomy":"post_tag","embeddable":true,"href":"https:\/\/www.spd-werdohl.de\/spd\/wp-json\/wp\/v2\/tags?post=4905"}],"curies":[{"name":"wp","href":"https:\/\/api.w.org\/{rel}","templated":true}]}}