{"id":4921,"date":"2020-06-14T18:33:18","date_gmt":"2020-06-14T16:33:18","guid":{"rendered":"http:\/\/www.spd-werdohl.de\/spd\/?p=4921"},"modified":"2020-09-17T02:28:16","modified_gmt":"2020-09-17T00:28:16","slug":"andreas-spaeinghaus-zum-buergermeister-kandidaten-gewaehlt","status":"publish","type":"post","link":"https:\/\/www.spd-werdohl.de\/spd\/2020\/06\/14\/andreas-spaeinghaus-zum-buergermeister-kandidaten-gewaehlt\/","title":{"rendered":"Andreas Sp\u00e4inghaus zum B\u00fcrgermeister-Kandidaten gew\u00e4hlt"},"content":{"rendered":"\n<p>Auf der Mitgliederversammlung des SPD-Ortsvereins Werdohl am 14.06.2020 wurde Andreas Sp\u00e4inghaus offiziell mit 100 % der Stimmen zum B\u00fcrgermeisterkandidaten gew\u00e4hlt worden.<\/p>\n\n\n\n<p>(die Kandidaten der Wahlbezirke bzw. die Kandidaten der Reserveliste werden in K\u00fcrze hier bekannt gegeben)<\/p>\n\n\n\n<p>Hier die Bewerbungsrede f\u00fcr die Mitgliederversammlung<\/p>\n\n\n\n<p>Liebe Genossinnen,<\/p>\n\n\n\n<p>liebe Genossen,<\/p>\n\n\n\n<p>die heutige Veranstaltung findet schon unter etwas surrealen Bedingungen statt. Urspr\u00fcnglich wollten wir uns am 20. M\u00e4rz treffen, um die Kandidatinnen und Kandidaten zu nominieren \u2013 dann kam die Corona-Krise, und nichts ist mehr so, wie es einmal war.<\/p>\n\n\n\n<p>In diesem Zusammenhang m\u00f6chte ich meinen herzlichen Dank ausdr\u00fccken \u2013 Und zwar an Volker Schmidt und sein Team. Was ihr in den vergangenen Monaten geleistet habt, ist mit Worten nur schwer zu beschreiben. Der M\u00e4rkische Kreis kann sich gl\u00fccklich sch\u00e4tzen, einen Mann wie Dich an der Spitze des Krisenstabs zu haben. Du hast uns hier im Kreis in dieser herausfordernden Zeit ein Gef\u00fchl der Besonnenheit und damit ein Gef\u00fchl der Sicherheit gegeben \u2013 und daf\u00fcr danke ich Dir, lieber Volker herzlich!<\/p>\n\n\n\n<p>Wer es bisher noch nicht wusste, wei\u00df es jetzt \u2013 Du bist der richtige Mann f\u00fcr die Spitzenposition im M\u00e4rkischen Kreis, meine und unsere Unterst\u00fctzung ist Dir sicher.<\/p>\n\n\n\n<p>Anfang Januar hat mich der Parteivorstand als B\u00fcrgermeisterkandidat vorgeschlagen. Ich habe mich Euch in einem Brief vorgestellt, \u2013 aber ihr kennt mich ohnehin!<\/p>\n\n\n\n<p>Die Corona-Krise hat meinen festen Willen, Werdohls B\u00fcrgermeister zu werden, nicht beeinflusst \u2013 ich stehe bereit \u2013 ohne wenn und aber!<\/p>\n\n\n\n<p>Die Zeit ist reif, den Stillstand zu beenden. Sechs ergebnislose \u2013&nbsp; ja \u2013 sechs verlorene Jahre sind genug! Werdohl kann sich ein \u201eweiter so\u201c einfach nicht mehr leisten.<\/p>\n\n\n\n<p>Jeder und jede in unserer sch\u00f6nen Stadt soll wissen: Ich werde ein B\u00fcrgermeister f\u00fcr alle Werdohler und Werdohlerinnen sein. Das hei\u00dft: Ich werde Entscheidungen nicht aus der Parteibrille betrachten, sondern durch die Brille der B\u00fcrger und B\u00fcrgerinnen schauen.<\/p>\n\n\n\n<p>Allein mit diesem Ansatz unterscheide ich mich deutlich von der derzeitigen Amtsinhaberin.<\/p>\n\n\n\n<p>Ich werde den Menschen zuh\u00f6ren, ich m\u00f6chte sie verstehen und in ihrem Sinne handeln. Und nat\u00fcrlich um Mehrheiten im Rat der Stadt werben, um zukunftsf\u00e4hige Projekte&nbsp; f\u00fcr unsere Stadt umzusetzen.<\/p>\n\n\n\n<p>All das geht aber nicht ohne eine motivierte Verwaltung. Ich werde ein offenes Ohr haben. Ein offenes Ohr f\u00fcr meine Mitarbeiterinnen und Mitarbeiter. Denn auch sie haben es verdient, dass man ihnen zuh\u00f6rt. Sie sind schlie\u00dflich Fachleute in ihren jeweiligen Arbeitsfeldern.<\/p>\n\n\n\n<p>Der Aderlass an jungen, gut ausgebildeten Menschen, die das Rathaus derzeit geradezu fluchtartig verlassen, muss gestoppt werden.&nbsp; Ich m\u00f6chte den vielen Menschen in der Verwaltung, an welcher Stelle auch immer sie arbeiten, die Zufriedenheit an ihrer Arbeit und die Erf\u00fcllung durch ihre Arbeit zur\u00fcckgeben. Das nennt man Wertsch\u00e4tzung. Und das ist ein unverzichtbares Merkmal guter Unternehmensf\u00fchrung.<\/p>\n\n\n\n<p>Denn: Nur zufriedene und ausgeglichene Mitarbeiter sind gute Mitarbeiter.<\/p>\n\n\n\n<p>Die hier lebenden Menschen m\u00fcssen wieder Vertrauen in ihre Verwaltung und vor allen Dingen Vertrauen in den B\u00fcrgermeister bekommen.<\/p>\n\n\n\n<p>Jede B\u00fcrgeranfrage muss in vern\u00fcnftiger Form bearbeitet und beantwortet werden. Ein \u201eschauen wir mal\u201c oder \u201eich nehme es mal mit\u201c wird es mit mir nicht geben.<\/p>\n\n\n\n<p>Die Digitalisierung durchdringt mehr und mehr Bereiche unseres Lebens. Ich sehe diese Entwicklung als Chance!<\/p>\n\n\n\n<p>So m\u00f6chte ich in meiner Amtszeit beispielsweise das Rathaus \u201epapierlos\u201c machen. Durch ein solches Projekt werden sich mittel- und langfristig Arbeitsabl\u00e4ufe einfacher und schneller gestalten, Personal wird entlastet. Die, ich nenne es mal Onlinebeauftragung von Antr\u00e4gen, Ausweispapieren etc. muss konsequent umgesetzt werden.<\/p>\n\n\n\n<p>Auch wenn ich in den vielen Jahren kommunalpolitischer T\u00e4tigkeit zahlreichen Werdohlerinnen und Werdohlern schon pers\u00f6nlich begegnet bin \u2013 alle kenne ich noch nicht!<\/p>\n\n\n\n<p>Deshalb mein Angebot an B\u00fcrgerinnen und B\u00fcrger, Vereine, Verb\u00e4nde, aber nat\u00fcrlich auch an die FDP und die WBG: laden Sie mich ein! Um mir Fragen zu stellen und sich ein Bild von mir und meinen Vorstellungen zu machen. Die roten Sessel und auch Kuchen bringe ich mit!<\/p>\n\n\n\n<p>Ich werde nicht nur einmal im Monat auf dem Wochenmarkt sichtbar sein, \u2013 ich werde auch in den Ortsteilen pr\u00e4sent sein. Ich m\u00f6chte den Ortsteilen und den dort lebenden Menschen die Bedeutung geben, die sie verdient haben. Werdohl ist&nbsp; f\u00fcr mich viel mehr als die Innenstadt und die Lennepromenade!&nbsp;<\/p>\n\n\n\n<p>wir alle wissen: die Kommunalpolitik ist ein Herzst\u00fcck unserer Demokratie. Demokratische Basisarbeit im besten Sinne! Und das werde ich auch als B\u00fcrgermeister nicht vergessen:<\/p>\n\n\n\n<p>Ich betrachte den Rat der Stadt nicht als meine Erf\u00fcllungsgehilfen, ich betrachte die Damen und Herren als Kolleginnen und Kollegen, mit denen ich unsere Stadt entwickeln m\u00f6chte \u2013 es geht, insbesondere in der Kommunalpolitik,&nbsp; nur gemeinsam. Wir m\u00fcssen alle an einem Strick ziehen, \u2013 wichtig dabei ist jedoch, dass wir am gleichen Ende ziehen!<\/p>\n\n\n\n<p>Apropos Erf\u00fcllungsgehilfen\u2026\u2026die derzeitige Amtsinhaberin hat bei ihrer Nominierungsveranstaltung im Februar dieses Jahres stolz verk\u00fcndet, dass es ihr gelungen sei, ein Wahlversprechen einzul\u00f6sen, in Werdohl wieder in bestimmten Bereichen das Licht einzuschalten. \u2013 Mehr scheint nach 6 Jahren nicht passiert zu sein\u2026..<\/p>\n\n\n\n<p>Ich m\u00f6chte hier mal der Legendenbildung vorbeugen:<\/p>\n\n\n\n<p>Der Rat hat mit seinem 69 Punkte-Programm Geld einsparen m\u00fcssen. Dazu geh\u00f6rte auch die Lichtabschaltung, die in der Bev\u00f6lkerung umstritten war.<\/p>\n\n\n\n<p>Gleichzeitig wurde intensiv, u.a. auch auf hartn\u00e4ckiges Betreiben der WBG in die LED-Technik investiert und die Stra\u00dfenbeleuchtung sukzessive umger\u00fcstet. Der dadurch entstandene Einspareffekt war so gro\u00df, das der Rat Ende 2017 einen Beschluss fassen konnte, das Licht wieder einzuschalten.&nbsp; Die Abschaltung machte keinen Sinn mehr, da kein zus\u00e4tzliches Geld mehr gespart werden konnte.<\/p>\n\n\n\n<p>Dass das nun als Einl\u00f6sung eines Wahlversprechens herhalten muss, wird der Bedeutung des Rates der Stadt Werdohl nicht gerecht \u2013 wir sind keine Erf\u00fcllungsgehilfen, \u2013 wir treffen eigenst\u00e4ndige Entscheidungen!<\/p>\n\n\n\n<p>Ich bin bereit! Und vor uns liegt ein Wahlkampf, der uns vor Herausforderungen unbekannter Art stellen wird. Wann werden direkte Begegnungen mit B\u00fcrgerinnen und B\u00fcrgern wieder m\u00f6glich sein? Und unter welchen Bedingungen? Wir wissen es nicht.<\/p>\n\n\n\n<p>Aber nat\u00fcrlich haben wir bereits Vorbereitungen getroffen:<\/p>\n\n\n\n<p>Seit Ende April sind meine Flyer fertig, die Homepage, ein Facebook-und ein Instagram- Auftritt sind online, die Plakate sind gedruckt \u2013 von mir aus kann es jetzt endlich los gehen!<\/p>\n\n\n\n<p>Aber wir wissen auch, nicht alle B\u00fcrgerinnen und B\u00fcrger sind in den sozialen Netzwerken unterwegs. Auch die wollen und m\u00fcssen wir erreichen.<\/p>\n\n\n\n<p>Das geht nur mit eurer Hilfe. Beispielsweise durch Gespr\u00e4che in der Mittagspause am Arbeitsplatz oder beim Grillabend mit Familie und Freunden. Ich wei\u00df, auf euch kann ich mich verlassen!<\/p>\n\n\n\n<p>Da ich ja bereits Anfang Januar durch den Vorstand vorgeschlagen wurde, hatte ich bereits einige Gelegenheiten, mich und meine Vorstellungen und Ziele zu pr\u00e4sentieren. Im Februar f\u00fchrte ich ein langes Gespr\u00e4ch mit dem S\u00fcderl\u00e4nder Volksfreund, auf das ich erfreulich viele positive R\u00fcckmeldungen aus der Bev\u00f6lkerung bekam.<\/p>\n\n\n\n<p>Auch in pers\u00f6nlichen Gespr\u00e4chen mit B\u00fcrgerinnen und B\u00fcrgern, die sich in der Zeit ergaben, konnte ich mich und meine Ziele vorstellen. Konkrete Projekte, wie z.B. die Onlinepetition zum Viadukt, konnten gestartet werden.<\/p>\n\n\n\n<p>Ab M\u00e4rz dieses Jahres hat Corona dann pers\u00f6nliche Begegnungen leider ausgebremst. Aber das wird uns nicht daran hindern, den Menschen in unserer Stadt zu vermitteln, wie wichtig Wahlen sind. Und dass jede Stimme z\u00e4hlt. F\u00fcr die Werdohler SPD genauso wie f\u00fcr die&nbsp; B\u00fcrgermeisterwahl!<\/p>\n\n\n\n<p>Deshalb bitte ich Euch nun um meine Nominierung zum B\u00fcrgermeisterkandidaten der Werdohler SPD.<\/p>\n\n\n\n<p>Dann kann es endlich offiziell losgehen \u2013 ich freue mich darauf!<\/p>\n\n\n\n<p>Werdohl kann mehr! Werdohl verdient mehr!<\/p>\n","protected":false},"excerpt":{"rendered":"<p>Auf der Mitgliederversammlung des SPD-Ortsvereins Werdohl am 14.06.2020 wurde Andreas Sp\u00e4inghaus offiziell mit 100 % der Stimmen zum B\u00fcrgermeisterkandidaten gew\u00e4hlt worden. (die Kandidaten der Wahlbezirke bzw. die Kandidaten der Reserveliste werden in K\u00fcrze hier bekannt gegeben) Hier die Bewerbungsrede f\u00fcr die Mitgliederversammlung Liebe Genossinnen, liebe Genossen, die heutige Veranstaltung findet schon unter etwas surrealen Bedingungen [&hellip;]<\/p>\n","protected":false},"author":17,"featured_media":4922,"comment_status":"closed","ping_status":"closed","sticky":false,"template":"","format":"standard","meta":{"footnotes":""},"categories":[1,11],"tags":[],"class_list":["post-4921","post","type-post","status-publish","format-standard","has-post-thumbnail","hentry","category-allgemeines","category-werdohl","entry","has-media"],"_links":{"self":[{"href":"https:\/\/www.spd-werdohl.de\/spd\/wp-json\/wp\/v2\/posts\/4921","targetHints":{"allow":["GET"]}}],"collection":[{"href":"https:\/\/www.spd-werdohl.de\/spd\/wp-json\/wp\/v2\/posts"}],"about":[{"href":"https:\/\/www.spd-werdohl.de\/spd\/wp-json\/wp\/v2\/types\/post"}],"author":[{"embeddable":true,"href":"https:\/\/www.spd-werdohl.de\/spd\/wp-json\/wp\/v2\/users\/17"}],"replies":[{"embeddable":true,"href":"https:\/\/www.spd-werdohl.de\/spd\/wp-json\/wp\/v2\/comments?post=4921"}],"version-history":[{"count":1,"href":"https:\/\/www.spd-werdohl.de\/spd\/wp-json\/wp\/v2\/posts\/4921\/revisions"}],"predecessor-version":[{"id":4923,"href":"https:\/\/www.spd-werdohl.de\/spd\/wp-json\/wp\/v2\/posts\/4921\/revisions\/4923"}],"wp:featuredmedia":[{"embeddable":true,"href":"https:\/\/www.spd-werdohl.de\/spd\/wp-json\/wp\/v2\/media\/4922"}],"wp:attachment":[{"href":"https:\/\/www.spd-werdohl.de\/spd\/wp-json\/wp\/v2\/media?parent=4921"}],"wp:term":[{"taxonomy":"category","embeddable":true,"href":"https:\/\/www.spd-werdohl.de\/spd\/wp-json\/wp\/v2\/categories?post=4921"},{"taxonomy":"post_tag","embeddable":true,"href":"https:\/\/www.spd-werdohl.de\/spd\/wp-json\/wp\/v2\/tags?post=4921"}],"curies":[{"name":"wp","href":"https:\/\/api.w.org\/{rel}","templated":true}]}}