{"id":5030,"date":"2020-07-02T13:49:37","date_gmt":"2020-07-02T11:49:37","guid":{"rendered":"http:\/\/www.spd-werdohl.de\/spd\/?p=5030"},"modified":"2020-09-17T02:28:16","modified_gmt":"2020-09-17T00:28:16","slug":"spd-besucht-baustelle-sohlgleite","status":"publish","type":"post","link":"https:\/\/www.spd-werdohl.de\/spd\/2020\/07\/02\/spd-besucht-baustelle-sohlgleite\/","title":{"rendered":"SPD besucht Baustelle Sohlgleite"},"content":{"rendered":"\n<p>Mitglieder des Vorstandes der SPD Werdohl besuchten am vergangenem Mittwoch die Baustelle zur Herstellung einer Sohlgleite zwischen Westpark und Schlacht. Mit dabei waren auch einige neue Kandidaten f\u00fcr den Rat der Stadt, um Informationen \u00fcber die Baustelle aus erster Hand zu bekommen. Spontan schlossen sich auch zwei Vertreter der \u201ePfadfinder Gruftis\u201c der SPD an, um den Ausf\u00fchrungen vor Ort zu verfolgen.<\/p>\n\n\n\n<p>Sachkundige Information \u00fcber das Bauvorhaben bekamen die Sozialdemokraten vom Chef des Tiefbauamtes Martin Hempel. Der Bau der Sohlgleite wurde n\u00f6tig, da man f\u00fcr den Neubau der Lennebr\u00fccke eine Ausgleichfl\u00e4che schaffen musste. Der von vielen Werdohlern liebgewonnene kleine Wasserfall an der Schlacht wird verschwinden, da er z.B. f\u00fcr Fische ein Hindernis darstellt. Die ehemalige Fischtreppe war nicht ausreichend, da sie damals zu steil angelegt wurde.<\/p>\n\n\n\n<p>Herr Hempel erl\u00e4uterte der Gruppe den ganzen Ablauf der Bauma\u00dfnahmen und zeigte auf Pl\u00e4nen wie der neue Lenneverlauf aussehen wird. Bis zur Fertigstellung werden noch einige Erdbewegungen und Anlieferungen von gro\u00dfen Steinen n\u00f6tig sein. Momentan wird die Lenne \u00fcber den alten Obergraben umgeleitet. Nach der Fertigstellung wird die Lenne wieder aufgestaut und wird dann \u00fcber eine Art Rampe gleiten.<\/p>\n\n\n\n<p>So konnten die Sozialdemokraten erfahren, dass nach der Fertigstellung auch die Kanuablegestelle die seinerseits die Werdohler Pfadfinder errichtet hatten wieder zu Einsatz kommen kann. Momentan liegen die Stufen auf dem Trockenen. Auch der Bachzulauf zum Westpark wird dann wieder laufen und der Westpark, der naturbelassen bleiben soll, kann wieder in voller Pracht genutzt werden. Die Vollendung der Baustelle soll in ca. 8 Wochen abgeschlossen sein und wenn alles umgesetzt wird was die Baupl\u00e4ne hergeben, wird es ein zus\u00e4tzliches Highlight im Bereich des Freizeitortes Westpark. Das werden sicher auch unsere G\u00e4ste die den Wohnmobilplatz nutzen zu sch\u00e4tzen wissen.<\/p>\n","protected":false},"excerpt":{"rendered":"<p>Mitglieder des Vorstandes der SPD Werdohl besuchten am vergangenem Mittwoch die Baustelle zur Herstellung einer Sohlgleite zwischen Westpark und Schlacht. Mit dabei waren auch einige neue Kandidaten f\u00fcr den Rat der Stadt, um Informationen \u00fcber die Baustelle aus erster Hand zu bekommen. Spontan schlossen sich auch zwei Vertreter der \u201ePfadfinder Gruftis\u201c der SPD an, um [&hellip;]<\/p>\n","protected":false},"author":17,"featured_media":5031,"comment_status":"closed","ping_status":"closed","sticky":false,"template":"","format":"standard","meta":{"footnotes":""},"categories":[1,11],"tags":[],"class_list":["post-5030","post","type-post","status-publish","format-standard","has-post-thumbnail","hentry","category-allgemeines","category-werdohl","entry","has-media"],"_links":{"self":[{"href":"https:\/\/www.spd-werdohl.de\/spd\/wp-json\/wp\/v2\/posts\/5030","targetHints":{"allow":["GET"]}}],"collection":[{"href":"https:\/\/www.spd-werdohl.de\/spd\/wp-json\/wp\/v2\/posts"}],"about":[{"href":"https:\/\/www.spd-werdohl.de\/spd\/wp-json\/wp\/v2\/types\/post"}],"author":[{"embeddable":true,"href":"https:\/\/www.spd-werdohl.de\/spd\/wp-json\/wp\/v2\/users\/17"}],"replies":[{"embeddable":true,"href":"https:\/\/www.spd-werdohl.de\/spd\/wp-json\/wp\/v2\/comments?post=5030"}],"version-history":[{"count":1,"href":"https:\/\/www.spd-werdohl.de\/spd\/wp-json\/wp\/v2\/posts\/5030\/revisions"}],"predecessor-version":[{"id":5032,"href":"https:\/\/www.spd-werdohl.de\/spd\/wp-json\/wp\/v2\/posts\/5030\/revisions\/5032"}],"wp:featuredmedia":[{"embeddable":true,"href":"https:\/\/www.spd-werdohl.de\/spd\/wp-json\/wp\/v2\/media\/5031"}],"wp:attachment":[{"href":"https:\/\/www.spd-werdohl.de\/spd\/wp-json\/wp\/v2\/media?parent=5030"}],"wp:term":[{"taxonomy":"category","embeddable":true,"href":"https:\/\/www.spd-werdohl.de\/spd\/wp-json\/wp\/v2\/categories?post=5030"},{"taxonomy":"post_tag","embeddable":true,"href":"https:\/\/www.spd-werdohl.de\/spd\/wp-json\/wp\/v2\/tags?post=5030"}],"curies":[{"name":"wp","href":"https:\/\/api.w.org\/{rel}","templated":true}]}}